{"id":178897,"date":"2019-03-31T21:37:40","date_gmt":"2019-03-31T18:37:40","guid":{"rendered":"http:\/\/www.sana.sy\/tr\/?p=178897"},"modified":"2019-04-01T14:36:19","modified_gmt":"2019-04-01T11:36:19","slug":"sabbag-ummetin-davalarini-savunmada-arap-parti-ve-sahsiyetlerin-rolunu-belirtti","status":"publish","type":"post","link":"https:\/\/archive.sana.sy\/tr\/?p=178897","title":{"rendered":"Sabba\u011f \u00dcmmetin Davalar\u0131n\u0131 Savunmada Arap Parti ve \u015eahsiyetlerin Rol\u00fcn\u00fc Belirtti"},"content":{"rendered":"<p style=\"text-align: justify;\">\u015eAM \u2013 Halk Meclisi Ba\u015fkan\u0131 Hammuda Sabba\u011f, \u00fcmmetin davalar\u0131n\u0131 savunma ve gelecek nesillerin vicdan\u0131nda canl\u0131 tutmalar\u0131nda ulusal Arap parti ve \u015fahisyetlerin rol\u00fcn\u00fc belirtti.<\/p>\n<p style=\"text-align: justify;\">L\u00fcbnan&#8217;da \u0130lerici Ulusal Cephe Ba\u015fkan\u0131 Nacah Vakim ile Ba\u011f\u0131ms\u0131z Nas\u0131riler Hareketi Y\u00f6netim Kurulu Sekreteri Mustafa Hamdan&#8217;\u0131 kabul\u00fcnde, ulusal Arap tutumlar\u0131n\u0131 hat\u0131rlatarak ter\u00f6re kar\u015f\u0131 sava\u015f\u0131nda Suriye&#8217;nin yan\u0131nda duran onurlu t\u00fcm vatanda\u015flara takdirini dile getirdi ve direni\u015f\u00e7i ruhunun gelecek nesillere direni\u015f\u00e7i ulusal Arap hatt\u0131n\u0131n devam ettirilmesinde ivme kazand\u0131rd\u0131\u011f\u0131n\u0131 ve bu hatt\u0131n \u015f\u00fcphesiz Golan ve Filistin&#8217;de zafere eri\u015fece\u011fini vurgulad\u0131.<\/p>\n<p><a href=\"http:\/\/www.sana.sy\/tr\/wp-content\/uploads\/2019\/03\/51.jpg\"><img loading=\"lazy\" decoding=\"async\" class=\"size-medium wp-image-178899 alignright\" src=\"http:\/\/www.sana.sy\/tr\/wp-content\/uploads\/2019\/03\/51-300x200.jpg\" alt=\"\" width=\"300\" height=\"200\" srcset=\"https:\/\/archive.sana.sy\/tr\/wp-content\/uploads\/2019\/03\/51-300x200.jpg 300w, https:\/\/archive.sana.sy\/tr\/wp-content\/uploads\/2019\/03\/51-150x100.jpg 150w, https:\/\/archive.sana.sy\/tr\/wp-content\/uploads\/2019\/03\/51.jpg 660w\" sizes=\"auto, (max-width: 300px) 100vw, 300px\" \/><\/a>Kendi y\u00f6n\u00fcnden Vakim, ter\u00f6rle m\u00fccadelede Suriye&#8217;nin elde etti\u011fi zafer ve ba\u015far\u0131lar\u0131n b\u00fct\u00fcn herkez i\u00e7in zafer oldu\u011funu belirterek, Suriye&#8217;de d\u00fc\u015fmanlar\u0131n k\u0131r\u0131lmas\u0131n\u0131n daha sebatl\u0131 ve daha aktif bir Arap kurtulu\u015f hareketini in\u015fa etmede ivme te\u015fkil edece\u011fine dikkat \u00e7ekti.<\/p>\n<p style=\"text-align: justify;\">Vakim, \u0130lerici Ulusal Cephe gelecek Nisan ay\u0131nda 2. Konferans\u0131n\u0131n d\u00fczenlenece\u011fi zamanda, g\u00fcndeminde biri &#8220;y\u00fczy\u0131l\u0131n ittifak\u0131&#8221;na kar\u015f\u0131 somut ad\u0131mlar\u0131n at\u0131laca\u011f\u0131n\u0131 2.sinin de Suriye&#8217;nin desteklenmesi ve Suriye&#8217;nin ter\u00f6re kar\u015f\u0131 zafer temelli aktif bir Arap kurtulu\u015f hareketinin kurulmas\u0131 olaca\u011f\u0131na i\u015faret etti.<\/p>\n<p style=\"text-align: justify;\">\u00d6te yandan Hamdan, Suriye topraklar\u0131 \u00fczerinde ter\u00f6re kar\u015f\u0131 zaferin Suriyeli Arap Golan ve Filistin&#8217;in geri al\u0131nmas\u0131 \u00f6n\u00fcndeki kap\u0131 oldu\u011funu \u00f6zellikle de sa\u011flanan ba\u015far\u0131lar\u0131n Suriye&#8217;nin hikmetli y\u00f6netimi ve Suriye halk\u0131n\u0131n fedakarl\u0131klar\u0131 ve direni\u015finde tarihi destanlar yazan Suriye Arap Ordusunun kahramanl\u0131\u011f\u0131 sonucunda geldi\u011fini vurgulayarak, i\u015fgal edilen Golanl\u0131 halk\u0131m\u0131zn ve i\u015fgal hapishanelerindeki esirlerinin ulusal tutumlar\u0131n\u0131 selamlad\u0131.<\/p>\n<p>\u00c7eviri: S. \u015eahut<\/p>\n","protected":false},"excerpt":{"rendered":"<p>\u015eAM \u2013 Halk Meclisi Ba\u015fkan\u0131 Hammuda Sabba\u011f, \u00fcmmetin davalar\u0131n\u0131 savunma ve gelecek nesillerin vicdan\u0131nda canl\u0131 tutmalar\u0131nda ulusal Arap parti ve \u015fahisyetlerin rol\u00fcn\u00fc belirtti. L\u00fcbnan&#8217;da \u0130lerici Ulusal Cephe Ba\u015fkan\u0131 Nacah Vakim ile Ba\u011f\u0131ms\u0131z Nas\u0131riler Hareketi Y\u00f6netim Kurulu Sekreteri Mustafa Hamdan&#8217;\u0131 kabul\u00fcnde, ulusal Arap tutumlar\u0131n\u0131 hat\u0131rlatarak ter\u00f6re kar\u015f\u0131 sava\u015f\u0131nda Suriye&#8217;nin yan\u0131nda duran onurlu t\u00fcm vatanda\u015flara takdirini dile &hellip;<\/p>\n","protected":false},"author":1,"featured_media":178898,"comment_status":"closed","ping_status":"closed","sticky":false,"template":"","format":"standard","meta":{"footnotes":""},"categories":[479,17988,478],"tags":[],"class_list":["post-178897","post","type-post","status-publish","format-standard","has-post-thumbnail","","category-haberler-yerel","category-son-haberler","category-yerel"],"_links":{"self":[{"href":"https:\/\/archive.sana.sy\/tr\/index.php?rest_route=\/wp\/v2\/posts\/178897","targetHints":{"allow":["GET"]}}],"collection":[{"href":"https:\/\/archive.sana.sy\/tr\/index.php?rest_route=\/wp\/v2\/posts"}],"about":[{"href":"https:\/\/archive.sana.sy\/tr\/index.php?rest_route=\/wp\/v2\/types\/post"}],"author":[{"embeddable":true,"href":"https:\/\/archive.sana.sy\/tr\/index.php?rest_route=\/wp\/v2\/users\/1"}],"replies":[{"embeddable":true,"href":"https:\/\/archive.sana.sy\/tr\/index.php?rest_route=%2Fwp%2Fv2%2Fcomments&post=178897"}],"version-history":[{"count":0,"href":"https:\/\/archive.sana.sy\/tr\/index.php?rest_route=\/wp\/v2\/posts\/178897\/revisions"}],"wp:featuredmedia":[{"embeddable":true,"href":"https:\/\/archive.sana.sy\/tr\/index.php?rest_route=\/wp\/v2\/media\/178898"}],"wp:attachment":[{"href":"https:\/\/archive.sana.sy\/tr\/index.php?rest_route=%2Fwp%2Fv2%2Fmedia&parent=178897"}],"wp:term":[{"taxonomy":"category","embeddable":true,"href":"https:\/\/archive.sana.sy\/tr\/index.php?rest_route=%2Fwp%2Fv2%2Fcategories&post=178897"},{"taxonomy":"post_tag","embeddable":true,"href":"https:\/\/archive.sana.sy\/tr\/index.php?rest_route=%2Fwp%2Fv2%2Ftags&post=178897"}],"curies":[{"name":"wp","href":"https:\/\/api.w.org\/{rel}","templated":true}]}}