{"id":179073,"date":"2019-04-03T14:06:45","date_gmt":"2019-04-03T11:06:45","guid":{"rendered":"http:\/\/www.sana.sy\/tr\/?p=179073"},"modified":"2019-04-04T13:14:08","modified_gmt":"2019-04-04T10:14:08","slug":"idlibte-teror-gruplari-etkisiz-hale-getirildi","status":"publish","type":"post","link":"https:\/\/archive.sana.sy\/tr\/?p=179073","title":{"rendered":"\u0130dlib\u2019te Ter\u00f6r Gruplar\u0131 Etkisiz Hale Getirildi"},"content":{"rendered":"<p>\u0130DL\u0130B \u2013 Ordu birliklerimiz \u0130dlib\u2019te ter\u00f6r gruplar\u0131n gerginli\u011fi azaltma anla\u015fmas\u0131na ihlallerine kar\u015f\u0131l\u0131k olarak \u0130dlib k\u0131rsal\u0131 Zaviye Da\u011f\u0131 tepesinde bulunan ter\u00f6r gruplar\u0131n noktalar\u0131n\u0131 ate\u015fe tutup i\u00e7lerindeki ter\u00f6r gruplar\u0131 ara\u00e7 ve cephaneleriyle birlikte etkisiz hale getirdiler.<\/p>\n<p>SANA muhabiri; ordu birliklerimizin \u0130dlib k\u0131rsal\u0131 Zaviye Da\u011f\u0131 tepesinde mevkilenen ve g\u00fcvenli b\u00f6lgelere sald\u0131ran ter\u00f6r gruplar\u0131n\u0131 dakik operasyonlarla etkisiz hale getirdiklerini belirtti.<\/p>\n<p>\u00d6te yandan muhabir; ordu birliklerimizin \u0130dlib k\u0131rsal\u0131 Ariha b\u00f6lgesinde yer alan Bsankul k\u00f6y\u00fc civar\u0131ndaki Nusra ter\u00f6r \u00f6rg\u00fct\u00fcne ait yuvalar\u0131 dakik operasyonlarla hedef ald\u0131klar\u0131n\u0131 belirtti.<\/p>\n<p>Muhabir; ordu birliklerimizin operasyonlar\u0131 sonucunda ter\u00f6r gruplar\u0131na ait noktalar\u0131 muhtevalar\u0131yla yok ettiklerini aktard\u0131.<\/p>\n<p>Bu arada muhabir; ordu birliklerimizin \u0130dlib Kentinin 30 km g\u00fcneybat\u0131s\u0131nda yer alan Peygamber Ey\u00fcp Tepesi ekseninden sald\u0131rmaya \u00e7al\u0131\u015fan bir ter\u00f6r grubunu tespit edip yo\u011fun ate\u015fe tuttuklar\u0131n\u0131 ve ter\u00f6ristleri ara\u00e7lar\u0131yla etkisiz hale getirdiklerini belirtti.<\/p>\n","protected":false},"excerpt":{"rendered":"<p>\u0130DL\u0130B \u2013 Ordu birliklerimiz \u0130dlib\u2019te ter\u00f6r gruplar\u0131n gerginli\u011fi azaltma anla\u015fmas\u0131na ihlallerine kar\u015f\u0131l\u0131k olarak \u0130dlib k\u0131rsal\u0131 Zaviye Da\u011f\u0131 tepesinde bulunan ter\u00f6r gruplar\u0131n noktalar\u0131n\u0131 ate\u015fe tutup i\u00e7lerindeki ter\u00f6r gruplar\u0131 ara\u00e7 ve cephaneleriyle birlikte etkisiz hale getirdiler. SANA muhabiri; ordu birliklerimizin \u0130dlib k\u0131rsal\u0131 Zaviye Da\u011f\u0131 tepesinde mevkilenen ve g\u00fcvenli b\u00f6lgelere sald\u0131ran ter\u00f6r gruplar\u0131n\u0131 dakik operasyonlarla etkisiz hale getirdiklerini &hellip;<\/p>\n","protected":false},"author":1,"featured_media":179074,"comment_status":"closed","ping_status":"closed","sticky":false,"template":"","format":"standard","meta":{"footnotes":""},"categories":[479,575,17988,478],"tags":[],"class_list":["post-179073","post","type-post","status-publish","format-standard","has-post-thumbnail","","category-haberler-yerel","category-olaylar-ve-gercekler","category-son-haberler","category-yerel"],"_links":{"self":[{"href":"https:\/\/archive.sana.sy\/tr\/index.php?rest_route=\/wp\/v2\/posts\/179073","targetHints":{"allow":["GET"]}}],"collection":[{"href":"https:\/\/archive.sana.sy\/tr\/index.php?rest_route=\/wp\/v2\/posts"}],"about":[{"href":"https:\/\/archive.sana.sy\/tr\/index.php?rest_route=\/wp\/v2\/types\/post"}],"author":[{"embeddable":true,"href":"https:\/\/archive.sana.sy\/tr\/index.php?rest_route=\/wp\/v2\/users\/1"}],"replies":[{"embeddable":true,"href":"https:\/\/archive.sana.sy\/tr\/index.php?rest_route=%2Fwp%2Fv2%2Fcomments&post=179073"}],"version-history":[{"count":0,"href":"https:\/\/archive.sana.sy\/tr\/index.php?rest_route=\/wp\/v2\/posts\/179073\/revisions"}],"wp:featuredmedia":[{"embeddable":true,"href":"https:\/\/archive.sana.sy\/tr\/index.php?rest_route=\/wp\/v2\/media\/179074"}],"wp:attachment":[{"href":"https:\/\/archive.sana.sy\/tr\/index.php?rest_route=%2Fwp%2Fv2%2Fmedia&parent=179073"}],"wp:term":[{"taxonomy":"category","embeddable":true,"href":"https:\/\/archive.sana.sy\/tr\/index.php?rest_route=%2Fwp%2Fv2%2Fcategories&post=179073"},{"taxonomy":"post_tag","embeddable":true,"href":"https:\/\/archive.sana.sy\/tr\/index.php?rest_route=%2Fwp%2Fv2%2Ftags&post=179073"}],"curies":[{"name":"wp","href":"https:\/\/api.w.org\/{rel}","templated":true}]}}