{"id":179081,"date":"2019-04-03T14:25:53","date_gmt":"2019-04-03T11:25:53","guid":{"rendered":"http:\/\/www.sana.sy\/tr\/?p=179081"},"modified":"2019-04-04T13:17:13","modified_gmt":"2019-04-04T10:17:13","slug":"diplomalarina-gore-mesleklerini-icra-etmeleri-icin-ek-sure-tanindi","status":"publish","type":"post","link":"https:\/\/archive.sana.sy\/tr\/?p=179081","title":{"rendered":"Diplomalar\u0131na G\u00f6re Mesleklerini \u0130cra Etmeleri \u0130\u00e7in Ek S\u00fcre Tan\u0131nd\u0131"},"content":{"rendered":"<p>\u015eAM \u2013 Cumhurba\u015fkan\u0131 Be\u015f\u015far el Esad bug\u00fcn t\u0131bbi uzmanl\u0131klar\u0131na g\u00f6re mesleklerini icra etmeleri i\u00e7in kanuni durumlar\u0131n\u0131 d\u00fczenlemeleri i\u00e7in bu uzmanl\u0131k sahiplerine ek bir s\u00fcre verilmesini \u00f6ng\u00f6ren 2019\/7 say\u0131l\u0131 kanunnameyi onaylad\u0131.<\/p>\n<p>Halk Meclisinin 27-3-2019 tarihli oturumunda tart\u0131\u015f\u0131p onaylamas\u0131 ard\u0131ndan anayasa gere\u011fince onaylanmas\u0131 i\u00e7in cumhurba\u015fkanl\u0131\u011f\u0131na sevk etti\u011fi kanunnamede t\u0131bbi uzmanl\u0131k sahiplerine bir y\u0131l daha ek s\u00fcre tan\u0131nd\u0131.<\/p>\n<p>Kanunnamede belirlenen s\u00fcre i\u00e7inde durumunu d\u00fczeltmeyenlerin s\u00fcrenin bitiminden sonra ba\u015fvurmalar\u0131 halinde belirli bir \u00fccret \u00f6demeleri \u00f6ng\u00f6r\u00fcl\u00fcyor.<\/p>\n","protected":false},"excerpt":{"rendered":"<p>\u015eAM \u2013 Cumhurba\u015fkan\u0131 Be\u015f\u015far el Esad bug\u00fcn t\u0131bbi uzmanl\u0131klar\u0131na g\u00f6re mesleklerini icra etmeleri i\u00e7in kanuni durumlar\u0131n\u0131 d\u00fczenlemeleri i\u00e7in bu uzmanl\u0131k sahiplerine ek bir s\u00fcre verilmesini \u00f6ng\u00f6ren 2019\/7 say\u0131l\u0131 kanunnameyi onaylad\u0131. Halk Meclisinin 27-3-2019 tarihli oturumunda tart\u0131\u015f\u0131p onaylamas\u0131 ard\u0131ndan anayasa gere\u011fince onaylanmas\u0131 i\u00e7in cumhurba\u015fkanl\u0131\u011f\u0131na sevk etti\u011fi kanunnamede t\u0131bbi uzmanl\u0131k sahiplerine bir y\u0131l daha ek s\u00fcre tan\u0131nd\u0131. &hellip;<\/p>\n","protected":false},"author":1,"featured_media":179082,"comment_status":"closed","ping_status":"closed","sticky":false,"template":"","format":"standard","meta":{"footnotes":""},"categories":[479,605,17988,612,599,478],"tags":[],"class_list":["post-179081","post","type-post","status-publish","format-standard","has-post-thumbnail","","category-haberler-yerel","category-sayin-cumhurbaskani","category-son-haberler","category-yasama-kararnameler","category-yasama-ve-kanunlar","category-yerel"],"_links":{"self":[{"href":"https:\/\/archive.sana.sy\/tr\/index.php?rest_route=\/wp\/v2\/posts\/179081","targetHints":{"allow":["GET"]}}],"collection":[{"href":"https:\/\/archive.sana.sy\/tr\/index.php?rest_route=\/wp\/v2\/posts"}],"about":[{"href":"https:\/\/archive.sana.sy\/tr\/index.php?rest_route=\/wp\/v2\/types\/post"}],"author":[{"embeddable":true,"href":"https:\/\/archive.sana.sy\/tr\/index.php?rest_route=\/wp\/v2\/users\/1"}],"replies":[{"embeddable":true,"href":"https:\/\/archive.sana.sy\/tr\/index.php?rest_route=%2Fwp%2Fv2%2Fcomments&post=179081"}],"version-history":[{"count":0,"href":"https:\/\/archive.sana.sy\/tr\/index.php?rest_route=\/wp\/v2\/posts\/179081\/revisions"}],"wp:featuredmedia":[{"embeddable":true,"href":"https:\/\/archive.sana.sy\/tr\/index.php?rest_route=\/wp\/v2\/media\/179082"}],"wp:attachment":[{"href":"https:\/\/archive.sana.sy\/tr\/index.php?rest_route=%2Fwp%2Fv2%2Fmedia&parent=179081"}],"wp:term":[{"taxonomy":"category","embeddable":true,"href":"https:\/\/archive.sana.sy\/tr\/index.php?rest_route=%2Fwp%2Fv2%2Fcategories&post=179081"},{"taxonomy":"post_tag","embeddable":true,"href":"https:\/\/archive.sana.sy\/tr\/index.php?rest_route=%2Fwp%2Fv2%2Ftags&post=179081"}],"curies":[{"name":"wp","href":"https:\/\/api.w.org\/{rel}","templated":true}]}}