{"id":179372,"date":"2019-04-06T13:44:24","date_gmt":"2019-04-06T10:44:24","guid":{"rendered":"http:\/\/www.sana.sy\/tr\/?p=179372"},"modified":"2019-04-07T14:20:31","modified_gmt":"2019-04-07T11:20:31","slug":"lavrov-tum-icraatlarin-gecersiz-oldugunu-belirtiyor","status":"publish","type":"post","link":"https:\/\/archive.sana.sy\/tr\/?p=179372","title":{"rendered":"Lavrov: T\u00fcm \u0130craatlar\u0131n Ge\u00e7ersiz Oldu\u011funu Belirtiyor"},"content":{"rendered":"<p>KAH\u0130RE \u2013 Rusya D\u0131\u015fi\u015fleri Bakan\u0131 Sergey Lavrov ABD Ba\u015fkan\u0131 Donald Trump\u2019\u0131n \u0130srail i\u015fgali alt\u0131ndaki Suriyeli Golan topraklar\u0131n\u0131 \u0130srail egemenli\u011fine girmesini tan\u0131ma karar\u0131n\u0131n uluslararas\u0131 kararlar ve kanunlara ayk\u0131r\u0131 oldu\u011funu bir kez daha\u00a0 belirtti.<\/p>\n<p>M\u0131s\u0131rl\u0131 Ahram Gazetesine deme\u00e7 veren Lavov; BMGK\u2019nin 497 say\u0131l\u0131 karar\u0131n\u0131n Golan\u2019\u0131n Suriyeli oldu\u011funu ve \u0130srail\u2019in Golan\u2019a i\u015fgalinin kanunsuz olup Golan\u2019da t\u00fcm icraatlar\u0131n\u0131n ge\u00e7ersiz ve bat\u0131l oldu\u011funu net bir \u015fekilde vurgulad\u0131\u011f\u0131na dikkat \u00e7ekti.<\/p>\n<p>Lavrov Golan\u2019\u0131n tamam\u0131n\u0131n Suriyeli oldu\u011funu ifade ederken; Suriye&#8217;nin bu me\u015fru hakk\u0131n\u0131n sabit oldu\u011funu vurgulad\u0131.<\/p>\n<p>ABD\u2019nin uluslararas\u0131 kanun ve kararlara ihlalleriyle uluslararas\u0131 sitemi sabote etmeyi ama\u00e7lad\u0131\u011f\u0131n\u0131 belirten Lavrov; Ortado\u011fu\u2019da bar\u0131\u015f ve \u00e7\u00f6z\u00fcm \u00e7abalar\u0131n\u0131 da baltalamak istedi\u011finin alt\u0131n\u0131 \u00e7izdi.<\/p>\n<p>\u0130srail\u2019in Suriye&#8217;ye kar\u015f\u0131 tekrarlanan sald\u0131r\u0131lar\u0131 konusunda ise Lavrov; bu sald\u0131r\u0131lar\u0131n kesinlikle kabul edilemez oldu\u011funu belirtti. Lavrov devletlerin egemenli\u011fi ve toprak b\u00fct\u00fcnl\u00fc\u011f\u00fcne sayg\u0131n\u0131n gere\u011fine vurgu yapt\u0131.<\/p>\n","protected":false},"excerpt":{"rendered":"<p>KAH\u0130RE \u2013 Rusya D\u0131\u015fi\u015fleri Bakan\u0131 Sergey Lavrov ABD Ba\u015fkan\u0131 Donald Trump\u2019\u0131n \u0130srail i\u015fgali alt\u0131ndaki Suriyeli Golan topraklar\u0131n\u0131 \u0130srail egemenli\u011fine girmesini tan\u0131ma karar\u0131n\u0131n uluslararas\u0131 kararlar ve kanunlara ayk\u0131r\u0131 oldu\u011funu bir kez daha\u00a0 belirtti. M\u0131s\u0131rl\u0131 Ahram Gazetesine deme\u00e7 veren Lavov; BMGK\u2019nin 497 say\u0131l\u0131 karar\u0131n\u0131n Golan\u2019\u0131n Suriyeli oldu\u011funu ve \u0130srail\u2019in Golan\u2019a i\u015fgalinin kanunsuz olup Golan\u2019da t\u00fcm icraatlar\u0131n\u0131n ge\u00e7ersiz &hellip;<\/p>\n","protected":false},"author":1,"featured_media":179374,"comment_status":"closed","ping_status":"closed","sticky":false,"template":"","format":"standard","meta":{"footnotes":""},"categories":[458,459,17988],"tags":[],"class_list":["post-179372","post","type-post","status-publish","format-standard","has-post-thumbnail","","category-dunya1","category-haberler-arap-uluslararasi-politika","category-son-haberler"],"_links":{"self":[{"href":"https:\/\/archive.sana.sy\/tr\/index.php?rest_route=\/wp\/v2\/posts\/179372","targetHints":{"allow":["GET"]}}],"collection":[{"href":"https:\/\/archive.sana.sy\/tr\/index.php?rest_route=\/wp\/v2\/posts"}],"about":[{"href":"https:\/\/archive.sana.sy\/tr\/index.php?rest_route=\/wp\/v2\/types\/post"}],"author":[{"embeddable":true,"href":"https:\/\/archive.sana.sy\/tr\/index.php?rest_route=\/wp\/v2\/users\/1"}],"replies":[{"embeddable":true,"href":"https:\/\/archive.sana.sy\/tr\/index.php?rest_route=%2Fwp%2Fv2%2Fcomments&post=179372"}],"version-history":[{"count":0,"href":"https:\/\/archive.sana.sy\/tr\/index.php?rest_route=\/wp\/v2\/posts\/179372\/revisions"}],"wp:featuredmedia":[{"embeddable":true,"href":"https:\/\/archive.sana.sy\/tr\/index.php?rest_route=\/wp\/v2\/media\/179374"}],"wp:attachment":[{"href":"https:\/\/archive.sana.sy\/tr\/index.php?rest_route=%2Fwp%2Fv2%2Fmedia&parent=179372"}],"wp:term":[{"taxonomy":"category","embeddable":true,"href":"https:\/\/archive.sana.sy\/tr\/index.php?rest_route=%2Fwp%2Fv2%2Fcategories&post=179372"},{"taxonomy":"post_tag","embeddable":true,"href":"https:\/\/archive.sana.sy\/tr\/index.php?rest_route=%2Fwp%2Fv2%2Ftags&post=179372"}],"curies":[{"name":"wp","href":"https:\/\/api.w.org\/{rel}","templated":true}]}}