{"id":179380,"date":"2019-04-06T13:54:41","date_gmt":"2019-04-06T10:54:41","guid":{"rendered":"http:\/\/www.sana.sy\/tr\/?p=179380"},"modified":"2019-04-07T14:20:22","modified_gmt":"2019-04-07T11:20:22","slug":"ilk-gunde-2-madalya-kazandik","status":"publish","type":"post","link":"https:\/\/archive.sana.sy\/tr\/?p=179380","title":{"rendered":"\u0130lk G\u00fcnde 2 Madalya Kazand\u0131k"},"content":{"rendered":"<p>BANGKOK \u2013 Bir\u00e7ok Asya \u00fclkesinin kat\u0131l\u0131m\u0131yla Tayland\u2019da d\u00fczenlenen Uluslararas\u0131 Y\u00fczme \u015eampiyonas\u0131na kat\u0131lan Suriye tak\u0131m\u0131 ilk g\u00fcnde iki madalya kazand\u0131.<\/p>\n<p>Y\u00fcz\u00fcc\u00fcler Birli\u011fi Ba\u015fkan\u0131 Firas Mualla \u015fampiyonlu\u011fun ilk g\u00fcn\u00fcnde Suriye tak\u0131m\u0131ndan \u00d6mer Abbas\u2019\u0131n serbest y\u00fczmede 200 metreyi 1,53,13 s\u00fcre ile y\u00fczerek g\u00fcm\u00fc\u015f madalya kazand\u0131\u011f\u0131n\u0131 s\u00f6yledi.<\/p>\n<p>Mualla Eyman Kelziye\u2019nin ise kelebek y\u00fczmede 200 metreyi 2,02,05 zamanla y\u00fczerek bronz madalya kazand\u0131\u011f\u0131n\u0131 ifade etti.<\/p>\n<p>S\u00f6z konusu \u015fampiyonlu\u011fun uluslararas\u0131 d\u00fczeydeki \u00f6nemine dikkat \u00e7eken Mualla; \u00f6n\u00fcm\u00fczdeki Temmuz ay\u0131nda G\u00fcney Kore\u2019de d\u00fczenlenecek d\u00fcnya \u015fampiyonas\u0131na kat\u0131l\u0131m i\u00e7in eleme niteli\u011finde oldu\u011funu s\u00f6zlerine ekledi.<\/p>\n<div id='gallery-1' class='gallery galleryid-179380 gallery-columns-1 gallery-size-full'><figure class='gallery-item'>\n\t\t\t<div class='gallery-icon portrait'>\n\t\t\t\t<a href='https:\/\/archive.sana.sy\/tr\/wp-content\/uploads\/2019\/04\/9-22.jpg'><img loading=\"lazy\" decoding=\"async\" width=\"500\" height=\"535\" src=\"https:\/\/archive.sana.sy\/tr\/wp-content\/uploads\/2019\/04\/9-22.jpg\" class=\"attachment-full size-full\" alt=\"\" srcset=\"https:\/\/archive.sana.sy\/tr\/wp-content\/uploads\/2019\/04\/9-22.jpg 500w, https:\/\/archive.sana.sy\/tr\/wp-content\/uploads\/2019\/04\/9-22-140x150.jpg 140w, https:\/\/archive.sana.sy\/tr\/wp-content\/uploads\/2019\/04\/9-22-280x300.jpg 280w\" sizes=\"auto, (max-width: 500px) 100vw, 500px\" \/><\/a>\n\t\t\t<\/div><\/figure>\n\t\t<\/div>\n\n","protected":false},"excerpt":{"rendered":"<p>BANGKOK \u2013 Bir\u00e7ok Asya \u00fclkesinin kat\u0131l\u0131m\u0131yla Tayland\u2019da d\u00fczenlenen Uluslararas\u0131 Y\u00fczme \u015eampiyonas\u0131na kat\u0131lan Suriye tak\u0131m\u0131 ilk g\u00fcnde iki madalya kazand\u0131. Y\u00fcz\u00fcc\u00fcler Birli\u011fi Ba\u015fkan\u0131 Firas Mualla \u015fampiyonlu\u011fun ilk g\u00fcn\u00fcnde Suriye tak\u0131m\u0131ndan \u00d6mer Abbas\u2019\u0131n serbest y\u00fczmede 200 metreyi 1,53,13 s\u00fcre ile y\u00fczerek g\u00fcm\u00fc\u015f madalya kazand\u0131\u011f\u0131n\u0131 s\u00f6yledi. Mualla Eyman Kelziye\u2019nin ise kelebek y\u00fczmede 200 metreyi 2,02,05 zamanla y\u00fczerek bronz &hellip;<\/p>\n","protected":false},"author":1,"featured_media":179382,"comment_status":"closed","ping_status":"closed","sticky":false,"template":"","format":"standard","meta":{"footnotes":""},"categories":[498,17988,496],"tags":[],"class_list":["post-179380","post","type-post","status-publish","format-standard","has-post-thumbnail","","category-dunya-turnuvalari","category-son-haberler","category-spor"],"_links":{"self":[{"href":"https:\/\/archive.sana.sy\/tr\/index.php?rest_route=\/wp\/v2\/posts\/179380","targetHints":{"allow":["GET"]}}],"collection":[{"href":"https:\/\/archive.sana.sy\/tr\/index.php?rest_route=\/wp\/v2\/posts"}],"about":[{"href":"https:\/\/archive.sana.sy\/tr\/index.php?rest_route=\/wp\/v2\/types\/post"}],"author":[{"embeddable":true,"href":"https:\/\/archive.sana.sy\/tr\/index.php?rest_route=\/wp\/v2\/users\/1"}],"replies":[{"embeddable":true,"href":"https:\/\/archive.sana.sy\/tr\/index.php?rest_route=%2Fwp%2Fv2%2Fcomments&post=179380"}],"version-history":[{"count":0,"href":"https:\/\/archive.sana.sy\/tr\/index.php?rest_route=\/wp\/v2\/posts\/179380\/revisions"}],"wp:featuredmedia":[{"embeddable":true,"href":"https:\/\/archive.sana.sy\/tr\/index.php?rest_route=\/wp\/v2\/media\/179382"}],"wp:attachment":[{"href":"https:\/\/archive.sana.sy\/tr\/index.php?rest_route=%2Fwp%2Fv2%2Fmedia&parent=179380"}],"wp:term":[{"taxonomy":"category","embeddable":true,"href":"https:\/\/archive.sana.sy\/tr\/index.php?rest_route=%2Fwp%2Fv2%2Fcategories&post=179380"},{"taxonomy":"post_tag","embeddable":true,"href":"https:\/\/archive.sana.sy\/tr\/index.php?rest_route=%2Fwp%2Fv2%2Ftags&post=179380"}],"curies":[{"name":"wp","href":"https:\/\/api.w.org\/{rel}","templated":true}]}}