{"id":179387,"date":"2019-04-06T14:04:08","date_gmt":"2019-04-06T11:04:08","guid":{"rendered":"http:\/\/www.sana.sy\/tr\/?p=179387"},"modified":"2019-04-07T14:20:14","modified_gmt":"2019-04-07T11:20:14","slug":"yine-sivil-bolgelere-gaddar-saldirilarda-bulundular","status":"publish","type":"post","link":"https:\/\/archive.sana.sy\/tr\/?p=179387","title":{"rendered":"Yine Sivil B\u00f6lgelere Gaddar Sald\u0131r\u0131larda Bulundular"},"content":{"rendered":"<p>HAMA \u2013 \u0130dlib\u2019te gerginli\u011fi azaltma anla\u015fmas\u0131na ihlallerini s\u00fcrd\u00fcren ter\u00f6ristler bug\u00fcn Hama k\u0131rsal\u0131nda bir kez daha g\u00fcvenli b\u00f6lgelere ve masum sivillere geli\u015fig\u00fczel f\u00fcze sald\u0131r\u0131lar\u0131nda bulundular.<\/p>\n<p>SANA\u2019n\u0131n Hama muhabiri \u0130dlib \u0130linin g\u00fcneyi ve ona yak\u0131n Hama k\u0131rsal\u0131n\u0131n kuzeyinde belli ba\u015fl\u0131 d\u0131\u015f g\u00fc\u00e7lerin talimat ve deste\u011fi le hareket eden ter\u00f6ristlerin Hama \u0130linin kuzeyi Skaylbiye B\u00f6lgesinde yer alan Rasif, Kreyyim ve Izeyziye beldelerine f\u00fczelerle sald\u0131rd\u0131klar\u0131n\u0131 ifade etti.<\/p>\n<p>Gaddar ter\u00f6r sald\u0131r\u0131lar\u0131nda bir vatanda\u015f\u0131n \u015fehit d\u00fc\u015ft\u00fc\u011f\u00fcn\u00fc belirten muhabir; ayn\u0131 zamanda vatanda\u015flar\u0131n evleri ve di\u011fer m\u00fclklerinde ciddi maddi hasar\u0131n meydana geldi\u011fine dikkat \u00e7ekti.<\/p>\n<p>Muhabir Hama \u0130linin kuzeyinde vatan ve vatanda\u015flar\u0131 savunma ama\u00e7l\u0131 bulunan ordu birliklerimizin sald\u0131rgan ter\u00f6ristlerin mevkilerini tespit edip uygun silahlarla ate\u015fe tuttuklar\u0131n\u0131 s\u00f6yledi.<\/p>\n","protected":false},"excerpt":{"rendered":"<p>HAMA \u2013 \u0130dlib\u2019te gerginli\u011fi azaltma anla\u015fmas\u0131na ihlallerini s\u00fcrd\u00fcren ter\u00f6ristler bug\u00fcn Hama k\u0131rsal\u0131nda bir kez daha g\u00fcvenli b\u00f6lgelere ve masum sivillere geli\u015fig\u00fczel f\u00fcze sald\u0131r\u0131lar\u0131nda bulundular. SANA\u2019n\u0131n Hama muhabiri \u0130dlib \u0130linin g\u00fcneyi ve ona yak\u0131n Hama k\u0131rsal\u0131n\u0131n kuzeyinde belli ba\u015fl\u0131 d\u0131\u015f g\u00fc\u00e7lerin talimat ve deste\u011fi le hareket eden ter\u00f6ristlerin Hama \u0130linin kuzeyi Skaylbiye B\u00f6lgesinde yer alan Rasif, &hellip;<\/p>\n","protected":false},"author":1,"featured_media":179388,"comment_status":"closed","ping_status":"closed","sticky":false,"template":"","format":"standard","meta":{"footnotes":""},"categories":[479,575,17988,478],"tags":[],"class_list":["post-179387","post","type-post","status-publish","format-standard","has-post-thumbnail","","category-haberler-yerel","category-olaylar-ve-gercekler","category-son-haberler","category-yerel"],"_links":{"self":[{"href":"https:\/\/archive.sana.sy\/tr\/index.php?rest_route=\/wp\/v2\/posts\/179387","targetHints":{"allow":["GET"]}}],"collection":[{"href":"https:\/\/archive.sana.sy\/tr\/index.php?rest_route=\/wp\/v2\/posts"}],"about":[{"href":"https:\/\/archive.sana.sy\/tr\/index.php?rest_route=\/wp\/v2\/types\/post"}],"author":[{"embeddable":true,"href":"https:\/\/archive.sana.sy\/tr\/index.php?rest_route=\/wp\/v2\/users\/1"}],"replies":[{"embeddable":true,"href":"https:\/\/archive.sana.sy\/tr\/index.php?rest_route=%2Fwp%2Fv2%2Fcomments&post=179387"}],"version-history":[{"count":0,"href":"https:\/\/archive.sana.sy\/tr\/index.php?rest_route=\/wp\/v2\/posts\/179387\/revisions"}],"wp:featuredmedia":[{"embeddable":true,"href":"https:\/\/archive.sana.sy\/tr\/index.php?rest_route=\/wp\/v2\/media\/179388"}],"wp:attachment":[{"href":"https:\/\/archive.sana.sy\/tr\/index.php?rest_route=%2Fwp%2Fv2%2Fmedia&parent=179387"}],"wp:term":[{"taxonomy":"category","embeddable":true,"href":"https:\/\/archive.sana.sy\/tr\/index.php?rest_route=%2Fwp%2Fv2%2Fcategories&post=179387"},{"taxonomy":"post_tag","embeddable":true,"href":"https:\/\/archive.sana.sy\/tr\/index.php?rest_route=%2Fwp%2Fv2%2Ftags&post=179387"}],"curies":[{"name":"wp","href":"https:\/\/api.w.org\/{rel}","templated":true}]}}