{"id":179390,"date":"2019-04-06T13:52:42","date_gmt":"2019-04-06T10:52:42","guid":{"rendered":"http:\/\/www.sana.sy\/tr\/?p=179390"},"modified":"2019-04-07T14:20:25","modified_gmt":"2019-04-07T11:20:25","slug":"ruhani-golannin-suriyenin-ayrilmaz-parcasi-oldugunda-gorus-birligi-kaydettik","status":"publish","type":"post","link":"https:\/\/archive.sana.sy\/tr\/?p=179390","title":{"rendered":"Ruhani: Golan\u2019n\u0131n Suriye&#8217;nin Ayr\u0131lmaz Par\u00e7as\u0131 Oldu\u011funda G\u00f6r\u00fc\u015f Birli\u011fi Kaydettik"},"content":{"rendered":"<p>TAHRAN \u2013 \u0130ran Cumhurba\u015fkan\u0131 Hasan Ruhani Irak Ba\u015fbakan\u0131 Adil Abd\u00fclmehdi ile bug\u00fcn Tahran\u2019da bulundu\u011fu temaslar ard\u0131ndan d\u00fczenledi\u011fi ortak bas\u0131n toplant\u0131s\u0131nda Golan\u2019\u0131n Suriye&#8217;nin ayr\u0131lmaz bir par\u00e7as\u0131 oldu\u011funa vurgu yapt\u0131klar\u0131n\u0131 belirtti.<\/p>\n<p>Ruhani Abd\u00fclmehdi ile g\u00f6r\u00fc\u015fmelerinde \u0130srail i\u015fgali alt\u0131ndaki Golan\u2019\u0131n Suriye topraklar\u0131 oldu\u011funu ve Suriye&#8217;nin ayr\u0131lmaz bir par\u00e7as\u0131 oldu\u011funun alt\u0131n\u0131 \u00e7izdiklerini vurgulad\u0131.<\/p>\n<p>G\u00f6r\u00fc\u015fmelerinde ayr\u0131ca Kud\u00fcs\u2019\u00fcn ba\u011f\u0131ms\u0131z Filistin devletinin ba\u015fkenti oldu\u011funu da belirttiklerini s\u00f6yleyen Ruhani; Yemen\u2019de ya\u015fanan krizin yegane \u00e7\u00f6z\u00fcm\u00fcn\u00fcn siyasi \u00e7\u00f6z\u00fcm oldu\u011fu \u00fczerinde g\u00f6r\u00fc\u015f birli\u011fi kaydettiklerine dikkat \u00e7ekti.<\/p>\n<p>Bas\u0131n toplant\u0131s\u0131nda Irak Ba\u015fbakan\u0131 Abd\u00fclmehdi ise iki \u00fclke aras\u0131nda bankac\u0131l\u0131k, maliye ve sanayi olmak \u00fczere muhtelif alanlarda ikili ili\u015fkileri geli\u015ftirme \u00fczerine anla\u015fmalar sa\u011flad\u0131klar\u0131n\u0131 s\u00f6yledi.<\/p>\n","protected":false},"excerpt":{"rendered":"<p>TAHRAN \u2013 \u0130ran Cumhurba\u015fkan\u0131 Hasan Ruhani Irak Ba\u015fbakan\u0131 Adil Abd\u00fclmehdi ile bug\u00fcn Tahran\u2019da bulundu\u011fu temaslar ard\u0131ndan d\u00fczenledi\u011fi ortak bas\u0131n toplant\u0131s\u0131nda Golan\u2019\u0131n Suriye&#8217;nin ayr\u0131lmaz bir par\u00e7as\u0131 oldu\u011funa vurgu yapt\u0131klar\u0131n\u0131 belirtti. Ruhani Abd\u00fclmehdi ile g\u00f6r\u00fc\u015fmelerinde \u0130srail i\u015fgali alt\u0131ndaki Golan\u2019\u0131n Suriye topraklar\u0131 oldu\u011funu ve Suriye&#8217;nin ayr\u0131lmaz bir par\u00e7as\u0131 oldu\u011funun alt\u0131n\u0131 \u00e7izdiklerini vurgulad\u0131. G\u00f6r\u00fc\u015fmelerinde ayr\u0131ca Kud\u00fcs\u2019\u00fcn ba\u011f\u0131ms\u0131z Filistin devletinin &hellip;<\/p>\n","protected":false},"author":1,"featured_media":179391,"comment_status":"closed","ping_status":"closed","sticky":false,"template":"","format":"standard","meta":{"footnotes":""},"categories":[458,459,17988],"tags":[],"class_list":["post-179390","post","type-post","status-publish","format-standard","has-post-thumbnail","","category-dunya1","category-haberler-arap-uluslararasi-politika","category-son-haberler"],"_links":{"self":[{"href":"https:\/\/archive.sana.sy\/tr\/index.php?rest_route=\/wp\/v2\/posts\/179390","targetHints":{"allow":["GET"]}}],"collection":[{"href":"https:\/\/archive.sana.sy\/tr\/index.php?rest_route=\/wp\/v2\/posts"}],"about":[{"href":"https:\/\/archive.sana.sy\/tr\/index.php?rest_route=\/wp\/v2\/types\/post"}],"author":[{"embeddable":true,"href":"https:\/\/archive.sana.sy\/tr\/index.php?rest_route=\/wp\/v2\/users\/1"}],"replies":[{"embeddable":true,"href":"https:\/\/archive.sana.sy\/tr\/index.php?rest_route=%2Fwp%2Fv2%2Fcomments&post=179390"}],"version-history":[{"count":0,"href":"https:\/\/archive.sana.sy\/tr\/index.php?rest_route=\/wp\/v2\/posts\/179390\/revisions"}],"wp:featuredmedia":[{"embeddable":true,"href":"https:\/\/archive.sana.sy\/tr\/index.php?rest_route=\/wp\/v2\/media\/179391"}],"wp:attachment":[{"href":"https:\/\/archive.sana.sy\/tr\/index.php?rest_route=%2Fwp%2Fv2%2Fmedia&parent=179390"}],"wp:term":[{"taxonomy":"category","embeddable":true,"href":"https:\/\/archive.sana.sy\/tr\/index.php?rest_route=%2Fwp%2Fv2%2Fcategories&post=179390"},{"taxonomy":"post_tag","embeddable":true,"href":"https:\/\/archive.sana.sy\/tr\/index.php?rest_route=%2Fwp%2Fv2%2Ftags&post=179390"}],"curies":[{"name":"wp","href":"https:\/\/api.w.org\/{rel}","templated":true}]}}