{"id":179588,"date":"2019-04-09T12:20:57","date_gmt":"2019-04-09T09:20:57","guid":{"rendered":"http:\/\/www.sana.sy\/tr\/?p=179588"},"modified":"2019-04-10T14:34:21","modified_gmt":"2019-04-10T11:34:21","slug":"bolge-ve-halklarini-hedef-alan-planlara-hizmet-ediyor","status":"publish","type":"post","link":"https:\/\/archive.sana.sy\/tr\/?p=179588","title":{"rendered":"B\u00f6lge ve Halklar\u0131n\u0131 Hedef Alan Planlara Hizmet Ediyor"},"content":{"rendered":"<p>\u015eAM \u2013 Suriye; ABD idaresinin, \u0130ran devrim muhaf\u0131zlar\u0131na kar\u015f\u0131 karar\u0131n\u0131 k\u0131narken bu karar\u0131n i\u015fgalci \u0130srail\u2019in \u00e7\u0131karlar\u0131 ve b\u00f6lgenin hegemonyaya al\u0131n\u0131p s\u00f6m\u00fcr\u00fclmesi ama\u00e7l\u0131 Bat\u0131l\u0131 planlara hizmet etti\u011fini belirtti.<\/p>\n<p>D\u0131\u015fi\u015fleri ve Gurbet\u00e7iler Bakanl\u0131\u011f\u0131nda yetkili bir kaynak SANA\u2019ya yapt\u0131\u011f\u0131 a\u00e7\u0131klamada; Suriye&#8217;nin, ABD idaresinin bu karar\u0131n\u0131 keskin bir dille k\u0131nad\u0131\u011f\u0131n\u0131 vurgulad\u0131. Yetkili kaynak ABD idaresinin \u0130ran devrim muhaf\u0131zlar\u0131na kar\u015f\u0131 ald\u0131\u011f\u0131 bu karar\u0131n \u0130ran\u2019\u0131n egemenli\u011fine a\u00e7\u0131k bir ihlal te\u015fkil etti\u011fine dikkat \u00e7ekti.<\/p>\n<p>S\u00f6z konusu karar\u0131 sorumsuz bir ad\u0131m olarak nitelendiren yetkili kaynak; ABD\u2019nin \u0130ran\u2019a kar\u015f\u0131 ilan edilmemi\u015f sava\u015f\u0131 kapsam\u0131nda geldi\u011fini belirtti. Yetkili kaynak bu karar\u0131n ABD idaresinin daha \u00f6nceki idarelerden daha \u00e7ok Siyonist bir idare oldu\u011funu bir kez daha g\u00f6sterdi\u011fine dikkat \u00e7ekti.<\/p>\n<p>Yetkili kaynak ABD idaresinin bu karar\u0131n\u0131n \u0130ran devrim muhaf\u0131zlar\u0131n\u0131n \u0130ran ve egemenli\u011fine savunmadaki etkin rol\u00fcn\u00fc kan\u0131tlamad\u0131\u011f\u0131n\u0131 kaydetti. \u0130ran devrim muhaf\u0131zlar\u0131n\u0131n b\u00f6lge ve halklar\u0131n\u0131 hedef alan Bat\u0131l\u0131 ve Siyonist planlar kar\u015f\u0131 m\u00fccadeledeki rol\u00fcne dikkat \u00e7eken yetkili kaynak; dolay\u0131s\u0131yla bu karar\u0131n \u0130ran devrim muhaf\u0131zlar\u0131 i\u00e7in bir onur te\u015fkil etti\u011fini ifade etti.<\/p>\n","protected":false},"excerpt":{"rendered":"<p>\u015eAM \u2013 Suriye; ABD idaresinin, \u0130ran devrim muhaf\u0131zlar\u0131na kar\u015f\u0131 karar\u0131n\u0131 k\u0131narken bu karar\u0131n i\u015fgalci \u0130srail\u2019in \u00e7\u0131karlar\u0131 ve b\u00f6lgenin hegemonyaya al\u0131n\u0131p s\u00f6m\u00fcr\u00fclmesi ama\u00e7l\u0131 Bat\u0131l\u0131 planlara hizmet etti\u011fini belirtti. D\u0131\u015fi\u015fleri ve Gurbet\u00e7iler Bakanl\u0131\u011f\u0131nda yetkili bir kaynak SANA\u2019ya yapt\u0131\u011f\u0131 a\u00e7\u0131klamada; Suriye&#8217;nin, ABD idaresinin bu karar\u0131n\u0131 keskin bir dille k\u0131nad\u0131\u011f\u0131n\u0131 vurgulad\u0131. Yetkili kaynak ABD idaresinin \u0130ran devrim muhaf\u0131zlar\u0131na kar\u015f\u0131 &hellip;<\/p>\n","protected":false},"author":1,"featured_media":179590,"comment_status":"closed","ping_status":"closed","sticky":false,"template":"","format":"standard","meta":{"footnotes":""},"categories":[479,17988,478],"tags":[],"class_list":["post-179588","post","type-post","status-publish","format-standard","has-post-thumbnail","","category-haberler-yerel","category-son-haberler","category-yerel"],"_links":{"self":[{"href":"https:\/\/archive.sana.sy\/tr\/index.php?rest_route=\/wp\/v2\/posts\/179588","targetHints":{"allow":["GET"]}}],"collection":[{"href":"https:\/\/archive.sana.sy\/tr\/index.php?rest_route=\/wp\/v2\/posts"}],"about":[{"href":"https:\/\/archive.sana.sy\/tr\/index.php?rest_route=\/wp\/v2\/types\/post"}],"author":[{"embeddable":true,"href":"https:\/\/archive.sana.sy\/tr\/index.php?rest_route=\/wp\/v2\/users\/1"}],"replies":[{"embeddable":true,"href":"https:\/\/archive.sana.sy\/tr\/index.php?rest_route=%2Fwp%2Fv2%2Fcomments&post=179588"}],"version-history":[{"count":0,"href":"https:\/\/archive.sana.sy\/tr\/index.php?rest_route=\/wp\/v2\/posts\/179588\/revisions"}],"wp:featuredmedia":[{"embeddable":true,"href":"https:\/\/archive.sana.sy\/tr\/index.php?rest_route=\/wp\/v2\/media\/179590"}],"wp:attachment":[{"href":"https:\/\/archive.sana.sy\/tr\/index.php?rest_route=%2Fwp%2Fv2%2Fmedia&parent=179588"}],"wp:term":[{"taxonomy":"category","embeddable":true,"href":"https:\/\/archive.sana.sy\/tr\/index.php?rest_route=%2Fwp%2Fv2%2Fcategories&post=179588"},{"taxonomy":"post_tag","embeddable":true,"href":"https:\/\/archive.sana.sy\/tr\/index.php?rest_route=%2Fwp%2Fv2%2Ftags&post=179588"}],"curies":[{"name":"wp","href":"https:\/\/api.w.org\/{rel}","templated":true}]}}