{"id":179589,"date":"2019-04-09T12:22:32","date_gmt":"2019-04-09T09:22:32","guid":{"rendered":"http:\/\/www.sana.sy\/tr\/?p=179589"},"modified":"2019-04-10T12:44:45","modified_gmt":"2019-04-10T09:44:45","slug":"179589","status":"publish","type":"post","link":"https:\/\/archive.sana.sy\/tr\/?p=179589","title":{"rendered":"Canl\u0131 Bombalardan \u0130baret Ter\u00f6r Grubu Etkisizle\u015ftirildi"},"content":{"rendered":"<p>HAMA \u2013 Hama k\u0131rsal\u0131n\u0131n kuzeyinde vatan ve vatanda\u015flar\u0131 d\u0131\u015f destekli ter\u00f6re kar\u015f\u0131 savunan ordu birliklerimiz bug\u00fcn saat 03 sular\u0131nda canl\u0131 bombalardan ibaret bir ter\u00f6r grubunun sald\u0131r\u0131s\u0131n\u0131 \u00e7\u00f6kertti.<\/p>\n<p>Askeri bir kaynak SANA\u2019ya a\u00e7\u0131klamalar\u0131nda \u0130dlib\u2019te gerginli\u011fi azaltma anla\u015fmas\u0131na ihlalleri ve civarda bulunan sivil yerle\u015fim alanlar\u0131n\u0131n yan\u0131 s\u0131ra askeri noktalara sald\u0131r\u0131lar\u0131n\u0131 s\u00fcrd\u00fcren ter\u00f6ristlerin saat 03:00 sular\u0131nda Tayyibat el \u0130mam ekseninden askeri bir noktaya sald\u0131rd\u0131klar\u0131n\u0131 belirtti. Kaynak yerel ahaliden \u00e7ift\u00e7iler gibi giyinen canl\u0131 bombalardan ibaret ter\u00f6r grubunun askeri noktadaki askerler taraf\u0131ndan fark edildiklerini s\u00f6yledi.<\/p>\n<p>Askerlerin canl\u0131 bombalardan ibaret ter\u00f6ristleri derhal yo\u011fun ate\u015fe tuttuklar\u0131n\u0131 ifade eden askeri kaynak; bunun \u00fczerine ter\u00f6ristlerin kendilerini havaya u\u00e7urmaya \u00e7al\u0131\u015ft\u0131klar\u0131n\u0131 s\u00f6yledi. Askeri kaynak buna e\u015f zamanl\u0131 olarak a\u011f\u0131r makineli silahlar ve havan toplar\u0131yla ate\u015f a\u00e7\u0131ld\u0131\u011f\u0131n\u0131 belirtti.<\/p>\n<p>\u00c7at\u0131\u015fmada canl\u0131 bomba ter\u00f6ristlerin t\u00fcm\u00fcn\u00fcn etkisiz hale getirildi\u011fini ifade eden askeri kaynak, onlara destek i\u00e7in gelen bir tank\u0131n da imha edildi\u011fini belirtti.<\/p>\n<p>Askeri kaynak gaddar ter\u00f6r sald\u0131r\u0131s\u0131 s\u0131ras\u0131nda ya\u015fanan \u00e7at\u0131\u015fmada askeri noktada bulunan 3 askerin \u015fehit d\u00fc\u015ft\u00fc\u011f\u00fcne dikkat \u00e7ekti.<\/p>\n","protected":false},"excerpt":{"rendered":"<p>HAMA \u2013 Hama k\u0131rsal\u0131n\u0131n kuzeyinde vatan ve vatanda\u015flar\u0131 d\u0131\u015f destekli ter\u00f6re kar\u015f\u0131 savunan ordu birliklerimiz bug\u00fcn saat 03 sular\u0131nda canl\u0131 bombalardan ibaret bir ter\u00f6r grubunun sald\u0131r\u0131s\u0131n\u0131 \u00e7\u00f6kertti. Askeri bir kaynak SANA\u2019ya a\u00e7\u0131klamalar\u0131nda \u0130dlib\u2019te gerginli\u011fi azaltma anla\u015fmas\u0131na ihlalleri ve civarda bulunan sivil yerle\u015fim alanlar\u0131n\u0131n yan\u0131 s\u0131ra askeri noktalara sald\u0131r\u0131lar\u0131n\u0131 s\u00fcrd\u00fcren ter\u00f6ristlerin saat 03:00 sular\u0131nda Tayyibat el &hellip;<\/p>\n","protected":false},"author":1,"featured_media":179596,"comment_status":"closed","ping_status":"closed","sticky":false,"template":"","format":"standard","meta":{"footnotes":""},"categories":[479,575,17988,478],"tags":[],"class_list":["post-179589","post","type-post","status-publish","format-standard","has-post-thumbnail","","category-haberler-yerel","category-olaylar-ve-gercekler","category-son-haberler","category-yerel"],"_links":{"self":[{"href":"https:\/\/archive.sana.sy\/tr\/index.php?rest_route=\/wp\/v2\/posts\/179589","targetHints":{"allow":["GET"]}}],"collection":[{"href":"https:\/\/archive.sana.sy\/tr\/index.php?rest_route=\/wp\/v2\/posts"}],"about":[{"href":"https:\/\/archive.sana.sy\/tr\/index.php?rest_route=\/wp\/v2\/types\/post"}],"author":[{"embeddable":true,"href":"https:\/\/archive.sana.sy\/tr\/index.php?rest_route=\/wp\/v2\/users\/1"}],"replies":[{"embeddable":true,"href":"https:\/\/archive.sana.sy\/tr\/index.php?rest_route=%2Fwp%2Fv2%2Fcomments&post=179589"}],"version-history":[{"count":0,"href":"https:\/\/archive.sana.sy\/tr\/index.php?rest_route=\/wp\/v2\/posts\/179589\/revisions"}],"wp:featuredmedia":[{"embeddable":true,"href":"https:\/\/archive.sana.sy\/tr\/index.php?rest_route=\/wp\/v2\/media\/179596"}],"wp:attachment":[{"href":"https:\/\/archive.sana.sy\/tr\/index.php?rest_route=%2Fwp%2Fv2%2Fmedia&parent=179589"}],"wp:term":[{"taxonomy":"category","embeddable":true,"href":"https:\/\/archive.sana.sy\/tr\/index.php?rest_route=%2Fwp%2Fv2%2Fcategories&post=179589"},{"taxonomy":"post_tag","embeddable":true,"href":"https:\/\/archive.sana.sy\/tr\/index.php?rest_route=%2Fwp%2Fv2%2Ftags&post=179589"}],"curies":[{"name":"wp","href":"https:\/\/api.w.org\/{rel}","templated":true}]}}