{"id":179601,"date":"2019-04-09T12:10:58","date_gmt":"2019-04-09T09:10:58","guid":{"rendered":"http:\/\/www.sana.sy\/tr\/?p=179601"},"modified":"2019-04-10T14:42:21","modified_gmt":"2019-04-10T11:42:21","slug":"despot-ilana-karsi-protestolar-devam-ediyor","status":"publish","type":"post","link":"https:\/\/archive.sana.sy\/tr\/?p=179601","title":{"rendered":"Despot \u0130lana Kar\u015f\u0131 Protestolar Devam Ediyor (V\u0130DEO)"},"content":{"rendered":"<p>\u0130LLER \u2013 Suriyeliler; ABD ba\u015fkan\u0131 Donald Trump\u2019\u0131n \u0130srail i\u015fgali alt\u0131ndaki Suriyeli Golan topraklar\u0131n\u0131n \u0130srail egemenli\u011fine girmesini tan\u0131ma ilan\u0131na kar\u015f\u0131 Suriyelilerin protesto g\u00f6sterileri farkl\u0131 illerde ve b\u00f6lgelerde devam ediyor.<\/p>\n<p>Sivil toplum faaliyetlerin yan\u0131 s\u0131ra sosyal ve dini \u015fahsiyetlerin kat\u0131ld\u0131klar\u0131 kitlesel g\u00f6sterilerde Golan\u2019\u0131n Suriyeli oldu\u011fu ve Suriyeli olarak kalaca\u011f\u0131n\u0131n alt\u0131 \u00e7izildi.<\/p>\n<p>G\u00f6stericiler ABD ve \u0130srail\u2019in uluslararas\u0131 toplum ve kararlar\u0131n\u0131 hi\u00e7e saymalar\u0131n\u0131n t\u00fcm s\u0131n\u0131rlar\u0131 a\u015ft\u0131\u011f\u0131na vurgu yaparken; uluslararas\u0131 g\u00fcvenlik ve bar\u0131\u015fa ciddi bir tehdit te\u015fkil eden bu despotlu\u011fa s\u0131n\u0131r koyulmas\u0131 gere\u011finin alt\u0131n\u0131 \u00e7izdi.<\/p>\n<p style=\"text-align: center;\"><span style=\"color: #0000ff;\">KUNAYTRA<\/span><\/p>\n<div id='gallery-1' class='gallery galleryid-179601 gallery-columns-2 gallery-size-full'><figure class='gallery-item'>\n\t\t\t<div class='gallery-icon landscape'>\n\t\t\t\t<a href='https:\/\/archive.sana.sy\/tr\/wp-content\/uploads\/2019\/04\/010102.jpg'><img loading=\"lazy\" decoding=\"async\" width=\"3543\" height=\"1853\" src=\"https:\/\/archive.sana.sy\/tr\/wp-content\/uploads\/2019\/04\/010102.jpg\" class=\"attachment-full size-full\" alt=\"\" srcset=\"https:\/\/archive.sana.sy\/tr\/wp-content\/uploads\/2019\/04\/010102.jpg 3543w, https:\/\/archive.sana.sy\/tr\/wp-content\/uploads\/2019\/04\/010102-150x78.jpg 150w, https:\/\/archive.sana.sy\/tr\/wp-content\/uploads\/2019\/04\/010102-300x157.jpg 300w, https:\/\/archive.sana.sy\/tr\/wp-content\/uploads\/2019\/04\/010102-768x402.jpg 768w, https:\/\/archive.sana.sy\/tr\/wp-content\/uploads\/2019\/04\/010102-1024x536.jpg 1024w\" sizes=\"auto, (max-width: 3543px) 100vw, 3543px\" \/><\/a>\n\t\t\t<\/div><\/figure><figure class='gallery-item'>\n\t\t\t<div class='gallery-icon landscape'>\n\t\t\t\t<a href='https:\/\/archive.sana.sy\/tr\/wp-content\/uploads\/2019\/04\/15478-2.jpg'><img loading=\"lazy\" decoding=\"async\" width=\"3543\" height=\"1853\" src=\"https:\/\/archive.sana.sy\/tr\/wp-content\/uploads\/2019\/04\/15478-2.jpg\" class=\"attachment-full size-full\" alt=\"\" srcset=\"https:\/\/archive.sana.sy\/tr\/wp-content\/uploads\/2019\/04\/15478-2.jpg 3543w, https:\/\/archive.sana.sy\/tr\/wp-content\/uploads\/2019\/04\/15478-2-150x78.jpg 150w, https:\/\/archive.sana.sy\/tr\/wp-content\/uploads\/2019\/04\/15478-2-300x157.jpg 300w, https:\/\/archive.sana.sy\/tr\/wp-content\/uploads\/2019\/04\/15478-2-768x402.jpg 768w, https:\/\/archive.sana.sy\/tr\/wp-content\/uploads\/2019\/04\/15478-2-1024x536.jpg 1024w\" sizes=\"auto, (max-width: 3543px) 100vw, 3543px\" \/><\/a>\n\t\t\t<\/div><\/figure>\n\t\t<\/div>\n\n<p style=\"text-align: center;\"><span style=\"color: #0000ff;\">LAZK\u0130YE<\/span><\/p>\n<div id='gallery-2' class='gallery galleryid-179601 gallery-columns-4 gallery-size-full'><figure class='gallery-item'>\n\t\t\t<div class='gallery-icon landscape'>\n\t\t\t\t<a href='https:\/\/archive.sana.sy\/tr\/wp-content\/uploads\/2019\/04\/124.jpg'><img loading=\"lazy\" decoding=\"async\" width=\"1638\" height=\"1108\" src=\"https:\/\/archive.sana.sy\/tr\/wp-content\/uploads\/2019\/04\/124.jpg\" class=\"attachment-full size-full\" alt=\"\" srcset=\"https:\/\/archive.sana.sy\/tr\/wp-content\/uploads\/2019\/04\/124.jpg 1638w, https:\/\/archive.sana.sy\/tr\/wp-content\/uploads\/2019\/04\/124-150x101.jpg 150w, https:\/\/archive.sana.sy\/tr\/wp-content\/uploads\/2019\/04\/124-300x203.jpg 300w, https:\/\/archive.sana.sy\/tr\/wp-content\/uploads\/2019\/04\/124-768x520.jpg 768w, https:\/\/archive.sana.sy\/tr\/wp-content\/uploads\/2019\/04\/124-1024x693.jpg 1024w, https:\/\/archive.sana.sy\/tr\/wp-content\/uploads\/2019\/04\/124-110x75.jpg 110w\" sizes=\"auto, (max-width: 1638px) 100vw, 1638px\" \/><\/a>\n\t\t\t<\/div><\/figure><figure class='gallery-item'>\n\t\t\t<div class='gallery-icon landscape'>\n\t\t\t\t<a href='https:\/\/archive.sana.sy\/tr\/wp-content\/uploads\/2019\/04\/154.jpg'><img loading=\"lazy\" decoding=\"async\" width=\"1638\" height=\"1108\" src=\"https:\/\/archive.sana.sy\/tr\/wp-content\/uploads\/2019\/04\/154.jpg\" class=\"attachment-full size-full\" alt=\"\" srcset=\"https:\/\/archive.sana.sy\/tr\/wp-content\/uploads\/2019\/04\/154.jpg 1638w, https:\/\/archive.sana.sy\/tr\/wp-content\/uploads\/2019\/04\/154-150x101.jpg 150w, https:\/\/archive.sana.sy\/tr\/wp-content\/uploads\/2019\/04\/154-300x203.jpg 300w, https:\/\/archive.sana.sy\/tr\/wp-content\/uploads\/2019\/04\/154-768x520.jpg 768w, https:\/\/archive.sana.sy\/tr\/wp-content\/uploads\/2019\/04\/154-1024x693.jpg 1024w, https:\/\/archive.sana.sy\/tr\/wp-content\/uploads\/2019\/04\/154-110x75.jpg 110w\" sizes=\"auto, (max-width: 1638px) 100vw, 1638px\" \/><\/a>\n\t\t\t<\/div><\/figure><figure class='gallery-item'>\n\t\t\t<div class='gallery-icon landscape'>\n\t\t\t\t<a href='https:\/\/archive.sana.sy\/tr\/wp-content\/uploads\/2019\/04\/4587.jpg'><img loading=\"lazy\" decoding=\"async\" width=\"1638\" height=\"1108\" src=\"https:\/\/archive.sana.sy\/tr\/wp-content\/uploads\/2019\/04\/4587.jpg\" class=\"attachment-full size-full\" alt=\"\" srcset=\"https:\/\/archive.sana.sy\/tr\/wp-content\/uploads\/2019\/04\/4587.jpg 1638w, https:\/\/archive.sana.sy\/tr\/wp-content\/uploads\/2019\/04\/4587-150x101.jpg 150w, https:\/\/archive.sana.sy\/tr\/wp-content\/uploads\/2019\/04\/4587-300x203.jpg 300w, https:\/\/archive.sana.sy\/tr\/wp-content\/uploads\/2019\/04\/4587-768x520.jpg 768w, https:\/\/archive.sana.sy\/tr\/wp-content\/uploads\/2019\/04\/4587-1024x693.jpg 1024w, https:\/\/archive.sana.sy\/tr\/wp-content\/uploads\/2019\/04\/4587-110x75.jpg 110w\" sizes=\"auto, (max-width: 1638px) 100vw, 1638px\" \/><\/a>\n\t\t\t<\/div><\/figure><figure class='gallery-item'>\n\t\t\t<div class='gallery-icon landscape'>\n\t\t\t\t<a href='https:\/\/archive.sana.sy\/tr\/wp-content\/uploads\/2019\/04\/125478.jpg'><img loading=\"lazy\" decoding=\"async\" width=\"1497\" height=\"1108\" src=\"https:\/\/archive.sana.sy\/tr\/wp-content\/uploads\/2019\/04\/125478.jpg\" class=\"attachment-full size-full\" alt=\"\" srcset=\"https:\/\/archive.sana.sy\/tr\/wp-content\/uploads\/2019\/04\/125478.jpg 1497w, https:\/\/archive.sana.sy\/tr\/wp-content\/uploads\/2019\/04\/125478-150x111.jpg 150w, https:\/\/archive.sana.sy\/tr\/wp-content\/uploads\/2019\/04\/125478-300x222.jpg 300w, https:\/\/archive.sana.sy\/tr\/wp-content\/uploads\/2019\/04\/125478-768x568.jpg 768w, https:\/\/archive.sana.sy\/tr\/wp-content\/uploads\/2019\/04\/125478-1024x758.jpg 1024w\" sizes=\"auto, (max-width: 1497px) 100vw, 1497px\" \/><\/a>\n\t\t\t<\/div><\/figure>\n\t\t<\/div>\n\n<p style=\"text-align: center;\"><span style=\"color: #0000ff;\">DEYREZZOR KIRSALI MAYAD\u0130N KENT\u0130\u00a0<\/span><\/p>\n<p><iframe loading=\"lazy\" title=\"\u0648\u0642\u0641\u0629 \u0644\u0623\u0647\u0627\u0644\u064a \u0627\u0644\u0645\u064a\u0627\u062f\u064a\u0646 \u062a\u0646\u062f\u064a\u062f\u0627 \u0628\u0625\u0639\u0644\u0627\u0646 \u062a\u0631\u0627\u0645\u0628\" width=\"618\" height=\"348\" src=\"https:\/\/www.youtube.com\/embed\/YeyqvoT5XA0?feature=oembed\" frameborder=\"0\" allow=\"accelerometer; autoplay; clipboard-write; encrypted-media; gyroscope; picture-in-picture; web-share\" referrerpolicy=\"strict-origin-when-cross-origin\" allowfullscreen><\/iframe><\/p>\n<div id='gallery-3' class='gallery galleryid-179601 gallery-columns-1 gallery-size-full'><figure class='gallery-item'>\n\t\t\t<div class='gallery-icon landscape'>\n\t\t\t\t<a href='https:\/\/archive.sana.sy\/tr\/wp-content\/uploads\/2019\/04\/123456789-.jpg'><img loading=\"lazy\" decoding=\"async\" width=\"1485\" height=\"840\" src=\"https:\/\/archive.sana.sy\/tr\/wp-content\/uploads\/2019\/04\/123456789-.jpg\" class=\"attachment-full size-full\" alt=\"\" srcset=\"https:\/\/archive.sana.sy\/tr\/wp-content\/uploads\/2019\/04\/123456789-.jpg 1485w, https:\/\/archive.sana.sy\/tr\/wp-content\/uploads\/2019\/04\/123456789--150x85.jpg 150w, https:\/\/archive.sana.sy\/tr\/wp-content\/uploads\/2019\/04\/123456789--300x170.jpg 300w, https:\/\/archive.sana.sy\/tr\/wp-content\/uploads\/2019\/04\/123456789--768x434.jpg 768w, https:\/\/archive.sana.sy\/tr\/wp-content\/uploads\/2019\/04\/123456789--1024x579.jpg 1024w\" sizes=\"auto, (max-width: 1485px) 100vw, 1485px\" \/><\/a>\n\t\t\t<\/div><\/figure>\n\t\t<\/div>\n\n","protected":false},"excerpt":{"rendered":"<p>\u0130LLER \u2013 Suriyeliler; ABD ba\u015fkan\u0131 Donald Trump\u2019\u0131n \u0130srail i\u015fgali alt\u0131ndaki Suriyeli Golan topraklar\u0131n\u0131n \u0130srail egemenli\u011fine girmesini tan\u0131ma ilan\u0131na kar\u015f\u0131 Suriyelilerin protesto g\u00f6sterileri farkl\u0131 illerde ve b\u00f6lgelerde devam ediyor. Sivil toplum faaliyetlerin yan\u0131 s\u0131ra sosyal ve dini \u015fahsiyetlerin kat\u0131ld\u0131klar\u0131 kitlesel g\u00f6sterilerde Golan\u2019\u0131n Suriyeli oldu\u011fu ve Suriyeli olarak kalaca\u011f\u0131n\u0131n alt\u0131 \u00e7izildi. G\u00f6stericiler ABD ve \u0130srail\u2019in uluslararas\u0131 toplum &hellip;<\/p>\n","protected":false},"author":1,"featured_media":179602,"comment_status":"closed","ping_status":"closed","sticky":false,"template":"","format":"standard","meta":{"footnotes":""},"categories":[596,479,17988,478],"tags":[],"class_list":["post-179601","post","type-post","status-publish","format-standard","has-post-thumbnail","","category-fotografli-raporlar","category-haberler-yerel","category-son-haberler","category-yerel"],"_links":{"self":[{"href":"https:\/\/archive.sana.sy\/tr\/index.php?rest_route=\/wp\/v2\/posts\/179601","targetHints":{"allow":["GET"]}}],"collection":[{"href":"https:\/\/archive.sana.sy\/tr\/index.php?rest_route=\/wp\/v2\/posts"}],"about":[{"href":"https:\/\/archive.sana.sy\/tr\/index.php?rest_route=\/wp\/v2\/types\/post"}],"author":[{"embeddable":true,"href":"https:\/\/archive.sana.sy\/tr\/index.php?rest_route=\/wp\/v2\/users\/1"}],"replies":[{"embeddable":true,"href":"https:\/\/archive.sana.sy\/tr\/index.php?rest_route=%2Fwp%2Fv2%2Fcomments&post=179601"}],"version-history":[{"count":0,"href":"https:\/\/archive.sana.sy\/tr\/index.php?rest_route=\/wp\/v2\/posts\/179601\/revisions"}],"wp:featuredmedia":[{"embeddable":true,"href":"https:\/\/archive.sana.sy\/tr\/index.php?rest_route=\/wp\/v2\/media\/179602"}],"wp:attachment":[{"href":"https:\/\/archive.sana.sy\/tr\/index.php?rest_route=%2Fwp%2Fv2%2Fmedia&parent=179601"}],"wp:term":[{"taxonomy":"category","embeddable":true,"href":"https:\/\/archive.sana.sy\/tr\/index.php?rest_route=%2Fwp%2Fv2%2Fcategories&post=179601"},{"taxonomy":"post_tag","embeddable":true,"href":"https:\/\/archive.sana.sy\/tr\/index.php?rest_route=%2Fwp%2Fv2%2Ftags&post=179601"}],"curies":[{"name":"wp","href":"https:\/\/api.w.org\/{rel}","templated":true}]}}