{"id":179603,"date":"2019-04-09T13:02:42","date_gmt":"2019-04-09T10:02:42","guid":{"rendered":"http:\/\/www.sana.sy\/tr\/?p=179603"},"modified":"2019-04-09T13:02:42","modified_gmt":"2019-04-09T10:02:42","slug":"sana-muhabiri-urdundeki-kamplarda-bulunan-suriyelilerin-yeni-bir-bolumunun-yillar-sonra-vatana-donup-ordunun-guvenligi-sagladigi-belde-ve-koylerine-aktarildiklarini-belirti","status":"publish","type":"post","link":"https:\/\/archive.sana.sy\/tr\/?p=179603","title":{"rendered":"SANA muhabiri \u00dcrd\u00fcn\u2019deki kamplarda bulunan Suriyelilerin yeni bir b\u00f6l\u00fcm\u00fcn\u00fcn y\u0131llar sonra vatana d\u00f6n\u00fcp ordunun g\u00fcvenli\u011fi sa\u011flad\u0131\u011f\u0131 belde ve k\u00f6ylerine aktar\u0131ld\u0131klar\u0131n\u0131 belirti."},"content":{"rendered":"<p>SANA muhabiri \u00dcrd\u00fcn\u2019deki kamplarda bulunan Suriyelilerin yeni bir b\u00f6l\u00fcm\u00fcn\u00fcn y\u0131llar sonra vatana d\u00f6n\u00fcp ordunun g\u00fcvenli\u011fi sa\u011flad\u0131\u011f\u0131 belde ve k\u00f6ylerine aktar\u0131ld\u0131klar\u0131n\u0131 belirti.<\/p>\n","protected":false},"excerpt":{"rendered":"<p>SANA muhabiri \u00dcrd\u00fcn\u2019deki kamplarda bulunan Suriyelilerin yeni bir b\u00f6l\u00fcm\u00fcn\u00fcn y\u0131llar sonra vatana d\u00f6n\u00fcp ordunun g\u00fcvenli\u011fi sa\u011flad\u0131\u011f\u0131 belde ve k\u00f6ylerine aktar\u0131ld\u0131klar\u0131n\u0131 belirti.<\/p>\n","protected":false},"author":1,"featured_media":0,"comment_status":"closed","ping_status":"closed","sticky":false,"template":"","format":"standard","meta":{"footnotes":""},"categories":[17991],"tags":[],"class_list":["post-179603","post","type-post","status-publish","format-standard","","category-son-dakika"],"_links":{"self":[{"href":"https:\/\/archive.sana.sy\/tr\/index.php?rest_route=\/wp\/v2\/posts\/179603","targetHints":{"allow":["GET"]}}],"collection":[{"href":"https:\/\/archive.sana.sy\/tr\/index.php?rest_route=\/wp\/v2\/posts"}],"about":[{"href":"https:\/\/archive.sana.sy\/tr\/index.php?rest_route=\/wp\/v2\/types\/post"}],"author":[{"embeddable":true,"href":"https:\/\/archive.sana.sy\/tr\/index.php?rest_route=\/wp\/v2\/users\/1"}],"replies":[{"embeddable":true,"href":"https:\/\/archive.sana.sy\/tr\/index.php?rest_route=%2Fwp%2Fv2%2Fcomments&post=179603"}],"version-history":[{"count":0,"href":"https:\/\/archive.sana.sy\/tr\/index.php?rest_route=\/wp\/v2\/posts\/179603\/revisions"}],"wp:attachment":[{"href":"https:\/\/archive.sana.sy\/tr\/index.php?rest_route=%2Fwp%2Fv2%2Fmedia&parent=179603"}],"wp:term":[{"taxonomy":"category","embeddable":true,"href":"https:\/\/archive.sana.sy\/tr\/index.php?rest_route=%2Fwp%2Fv2%2Fcategories&post=179603"},{"taxonomy":"post_tag","embeddable":true,"href":"https:\/\/archive.sana.sy\/tr\/index.php?rest_route=%2Fwp%2Fv2%2Ftags&post=179603"}],"curies":[{"name":"wp","href":"https:\/\/api.w.org\/{rel}","templated":true}]}}