{"id":179705,"date":"2019-04-09T14:29:23","date_gmt":"2019-04-09T11:29:23","guid":{"rendered":"http:\/\/www.sana.sy\/tr\/?p=179705"},"modified":"2019-04-10T14:32:25","modified_gmt":"2019-04-10T11:32:25","slug":"avn-trumpin-golanla-ilgili-ilanini-yeniden-kinadi-uluslararasi-kanun-temellerine-acik-ihlaldir","status":"publish","type":"post","link":"https:\/\/archive.sana.sy\/tr\/?p=179705","title":{"rendered":"Avn Trump&#8217;\u0131n Golan&#8217;la \u0130lgili \u0130lan\u0131n\u0131 Yeniden K\u0131nad\u0131: Uluslararas\u0131 Kanun Temellerine A\u00e7\u0131k \u0130hlaldir"},"content":{"rendered":"<p>BEYRUT \u2013 L\u00fcbnan Cumhurba\u015fkan\u0131 Mi\u015fel Avn, Amerika Ba\u015fkan\u0131 Donald Trump&#8217;\u0131n i\u015fgal edilen Golan ile ilgili ilan\u0131na y\u00f6nelik k\u0131namas\u0131n\u0131 yineleyerek, s\u00f6z konusu ilan\u0131n uluslararas\u0131 kanun ile \u00fclkelerle halklar aras\u0131nda var olan \u00f6rflere y\u00f6nelik a\u00e7\u0131k ihlal olu\u015fturdu\u011funu vurgulad\u0131.<\/p>\n<p>Avn bug\u00fcn Beyrut&#8217;ta Bulgaristanl\u0131 mevkida\u015f\u0131 Rumin Radev ile d\u00fczenledi\u011fi ortak bas\u0131n toplant\u0131s\u0131nda, Sur\u015fyeli Golan ile ilgili Amerikan ilan\u0131n\u0131n, \u015eeba \u00c7iftlikleri, Kfar \u015euba ve el \u011eacar Tepelerinde i\u015fgal edilen topraklar\u0131 bulunan L\u00fcbnan&#8217;\u0131n egemenli\u011fine de tehdit olu\u015fturdu\u011funu a\u00e7\u0131klad\u0131.<\/p>\n<p>Avn Bulgaristan&#8217;\u0131n, L\u00fcbnan&#8217;a y\u00f6nelik tekrarlana gelen \u0130srail sald\u0131r\u0131lar\u0131na kar\u015f\u0131 L\u00fcbnan&#8217;\u0131n yan\u0131nda durmas\u0131 gerekti\u011fini belirterek 1701 say\u0131l\u0131 uluslararas\u0131 karar\u0131n uygulanmas\u0131na ba\u011fl\u0131 kal\u0131nmas\u0131 \u00f6nemini bir kez daha vurgulad\u0131.<\/p>\n<p>\u00c7eviri: S. \u015eahut<\/p>\n","protected":false},"excerpt":{"rendered":"<p>BEYRUT \u2013 L\u00fcbnan Cumhurba\u015fkan\u0131 Mi\u015fel Avn, Amerika Ba\u015fkan\u0131 Donald Trump&#8217;\u0131n i\u015fgal edilen Golan ile ilgili ilan\u0131na y\u00f6nelik k\u0131namas\u0131n\u0131 yineleyerek, s\u00f6z konusu ilan\u0131n uluslararas\u0131 kanun ile \u00fclkelerle halklar aras\u0131nda var olan \u00f6rflere y\u00f6nelik a\u00e7\u0131k ihlal olu\u015fturdu\u011funu vurgulad\u0131. Avn bug\u00fcn Beyrut&#8217;ta Bulgaristanl\u0131 mevkida\u015f\u0131 Rumin Radev ile d\u00fczenledi\u011fi ortak bas\u0131n toplant\u0131s\u0131nda, Sur\u015fyeli Golan ile ilgili Amerikan ilan\u0131n\u0131n, \u015eeba &hellip;<\/p>\n","protected":false},"author":1,"featured_media":179706,"comment_status":"closed","ping_status":"closed","sticky":false,"template":"","format":"standard","meta":{"footnotes":""},"categories":[458,459,17988],"tags":[],"class_list":["post-179705","post","type-post","status-publish","format-standard","has-post-thumbnail","","category-dunya1","category-haberler-arap-uluslararasi-politika","category-son-haberler"],"_links":{"self":[{"href":"https:\/\/archive.sana.sy\/tr\/index.php?rest_route=\/wp\/v2\/posts\/179705","targetHints":{"allow":["GET"]}}],"collection":[{"href":"https:\/\/archive.sana.sy\/tr\/index.php?rest_route=\/wp\/v2\/posts"}],"about":[{"href":"https:\/\/archive.sana.sy\/tr\/index.php?rest_route=\/wp\/v2\/types\/post"}],"author":[{"embeddable":true,"href":"https:\/\/archive.sana.sy\/tr\/index.php?rest_route=\/wp\/v2\/users\/1"}],"replies":[{"embeddable":true,"href":"https:\/\/archive.sana.sy\/tr\/index.php?rest_route=%2Fwp%2Fv2%2Fcomments&post=179705"}],"version-history":[{"count":0,"href":"https:\/\/archive.sana.sy\/tr\/index.php?rest_route=\/wp\/v2\/posts\/179705\/revisions"}],"wp:featuredmedia":[{"embeddable":true,"href":"https:\/\/archive.sana.sy\/tr\/index.php?rest_route=\/wp\/v2\/media\/179706"}],"wp:attachment":[{"href":"https:\/\/archive.sana.sy\/tr\/index.php?rest_route=%2Fwp%2Fv2%2Fmedia&parent=179705"}],"wp:term":[{"taxonomy":"category","embeddable":true,"href":"https:\/\/archive.sana.sy\/tr\/index.php?rest_route=%2Fwp%2Fv2%2Fcategories&post=179705"},{"taxonomy":"post_tag","embeddable":true,"href":"https:\/\/archive.sana.sy\/tr\/index.php?rest_route=%2Fwp%2Fv2%2Ftags&post=179705"}],"curies":[{"name":"wp","href":"https:\/\/api.w.org\/{rel}","templated":true}]}}