{"id":179986,"date":"2019-04-13T15:00:07","date_gmt":"2019-04-13T12:00:07","guid":{"rendered":"http:\/\/www.sana.sy\/tr\/?p=179986"},"modified":"2019-04-13T15:00:07","modified_gmt":"2019-04-13T12:00:07","slug":"sana-muhabiri-tenf-bolgesinde-bulunan-abd-gucleri-ve-onlara-tabi-kiralik-teroristlerin-sivillerin-cikisini-engelledikleri-rukban-kampindan-cikan-bir-kisim-ailelerin-suriyenin-insani-amacli-olarak-te","status":"publish","type":"post","link":"https:\/\/archive.sana.sy\/tr\/?p=179986","title":{"rendered":"SANA muhabiri Tenf B\u00f6lgesinde bulunan ABD g\u00fc\u00e7leri ve onlara tabi kiral\u0131k ter\u00f6ristlerin sivillerin \u00e7\u0131k\u0131\u015f\u0131n\u0131 engelledikleri R\u00fckban Kamp\u0131ndan \u00e7\u0131kan bir k\u0131s\u0131m ailelerin Suriye&#8217;nin insani ama\u00e7l\u0131 olarak temin etti\u011fi Cley\u011fim Ge\u00e7idine ula\u015ft\u0131klar\u0131n\u0131 belirtti."},"content":{"rendered":"<p>SANA muhabiri Tenf B\u00f6lgesinde bulunan ABD g\u00fc\u00e7leri ve onlara tabi kiral\u0131k ter\u00f6ristlerin sivillerin \u00e7\u0131k\u0131\u015f\u0131n\u0131 engelledikleri R\u00fckban Kamp\u0131ndan \u00e7\u0131kan bir k\u0131s\u0131m ailelerin Suriye&#8217;nin insani ama\u00e7l\u0131 olarak temin etti\u011fi Cley\u011fim Ge\u00e7idine ula\u015ft\u0131klar\u0131n\u0131 belirtti.<\/p>\n","protected":false},"excerpt":{"rendered":"<p>SANA muhabiri Tenf B\u00f6lgesinde bulunan ABD g\u00fc\u00e7leri ve onlara tabi kiral\u0131k ter\u00f6ristlerin sivillerin \u00e7\u0131k\u0131\u015f\u0131n\u0131 engelledikleri R\u00fckban Kamp\u0131ndan \u00e7\u0131kan bir k\u0131s\u0131m ailelerin Suriye&#8217;nin insani ama\u00e7l\u0131 olarak temin etti\u011fi Cley\u011fim Ge\u00e7idine ula\u015ft\u0131klar\u0131n\u0131 belirtti.<\/p>\n","protected":false},"author":1,"featured_media":0,"comment_status":"closed","ping_status":"closed","sticky":false,"template":"","format":"standard","meta":{"footnotes":""},"categories":[17991],"tags":[],"class_list":["post-179986","post","type-post","status-publish","format-standard","","category-son-dakika"],"_links":{"self":[{"href":"https:\/\/archive.sana.sy\/tr\/index.php?rest_route=\/wp\/v2\/posts\/179986","targetHints":{"allow":["GET"]}}],"collection":[{"href":"https:\/\/archive.sana.sy\/tr\/index.php?rest_route=\/wp\/v2\/posts"}],"about":[{"href":"https:\/\/archive.sana.sy\/tr\/index.php?rest_route=\/wp\/v2\/types\/post"}],"author":[{"embeddable":true,"href":"https:\/\/archive.sana.sy\/tr\/index.php?rest_route=\/wp\/v2\/users\/1"}],"replies":[{"embeddable":true,"href":"https:\/\/archive.sana.sy\/tr\/index.php?rest_route=%2Fwp%2Fv2%2Fcomments&post=179986"}],"version-history":[{"count":0,"href":"https:\/\/archive.sana.sy\/tr\/index.php?rest_route=\/wp\/v2\/posts\/179986\/revisions"}],"wp:attachment":[{"href":"https:\/\/archive.sana.sy\/tr\/index.php?rest_route=%2Fwp%2Fv2%2Fmedia&parent=179986"}],"wp:term":[{"taxonomy":"category","embeddable":true,"href":"https:\/\/archive.sana.sy\/tr\/index.php?rest_route=%2Fwp%2Fv2%2Fcategories&post=179986"},{"taxonomy":"post_tag","embeddable":true,"href":"https:\/\/archive.sana.sy\/tr\/index.php?rest_route=%2Fwp%2Fv2%2Ftags&post=179986"}],"curies":[{"name":"wp","href":"https:\/\/api.w.org\/{rel}","templated":true}]}}