{"id":180030,"date":"2019-04-13T14:32:11","date_gmt":"2019-04-13T11:32:11","guid":{"rendered":"http:\/\/www.sana.sy\/tr\/?p=180030"},"modified":"2019-04-14T13:58:07","modified_gmt":"2019-04-14T10:58:07","slug":"cocuklar-hayallerini-resmetti","status":"publish","type":"post","link":"https:\/\/archive.sana.sy\/tr\/?p=180030","title":{"rendered":"\u00c7ocuklar Hayallerini Resmetti"},"content":{"rendered":"<p>LAZK\u0130YE \u2013 \u00c7ocuklara sosyal destek amac\u0131yla Lazkiye Kentindeki Esad K\u00fclt\u00fcr Sanat Merkezinde \u201cHayallerimi Resmediyorum\u201d slogan\u0131 alt\u0131nda d\u00fczenlenen festival faaliyetleri sona erdi.<\/p>\n<p>Hayalini Resmet Sanat Cemiyetinin organize etti\u011fi festival \u00e7al\u0131\u015fmalar\u0131nda farkl\u0131 ya\u015flardan \u00e7ocuklar folklor oyunlar\u0131n\u0131n yan\u0131 s\u0131ra tiyatro oyunlar\u0131 sergiledi.<\/p>\n<p>Gen\u00e7ler ve ergenlik ya\u015flar\u0131nda \u00e7ocuklar\u0131n plastik sanat sergileriyle kat\u0131ld\u0131klar\u0131 festival \u00e7al\u0131\u015fmalar\u0131 bitiminde \u00fcst\u00fcn yetenek kaydedenlere \u00f6d\u00fcller da\u011f\u0131t\u0131ld\u0131.<\/p>\n<p>Festival etkinlikleri kapsam\u0131nda farkl\u0131 alanlarda yetenek sergileyen \u00e7ocuklara da destek ve te\u015fvik ama\u00e7l\u0131 etkinlikler d\u00fczenlendi.<\/p>\n<p>Festival etkinliklerinde \u00e7ocuklar\u0131n ya\u015fanan ko\u015fullardan dolay\u0131 olumsuz etkilenmelerini engelleme, hayal g\u00fc\u00e7lerini peki\u015ftirme, umut ve emellerini besleme gibi konular \u00fczerinde odaklan\u0131l\u0131p psikolojik destek sa\u011flamay\u0131 ama\u00e7lad\u0131.<\/p>\n<div id='gallery-1' class='gallery galleryid-180030 gallery-columns-2 gallery-size-full'><figure class='gallery-item'>\n\t\t\t<div class='gallery-icon landscape'>\n\t\t\t\t<a href='https:\/\/archive.sana.sy\/tr\/wp-content\/uploads\/2019\/04\/4-3.jpg'><img loading=\"lazy\" decoding=\"async\" width=\"3543\" height=\"2281\" src=\"https:\/\/archive.sana.sy\/tr\/wp-content\/uploads\/2019\/04\/4-3.jpg\" class=\"attachment-full size-full\" alt=\"\" srcset=\"https:\/\/archive.sana.sy\/tr\/wp-content\/uploads\/2019\/04\/4-3.jpg 3543w, https:\/\/archive.sana.sy\/tr\/wp-content\/uploads\/2019\/04\/4-3-150x97.jpg 150w, https:\/\/archive.sana.sy\/tr\/wp-content\/uploads\/2019\/04\/4-3-300x193.jpg 300w, https:\/\/archive.sana.sy\/tr\/wp-content\/uploads\/2019\/04\/4-3-768x494.jpg 768w, https:\/\/archive.sana.sy\/tr\/wp-content\/uploads\/2019\/04\/4-3-1024x659.jpg 1024w\" sizes=\"auto, (max-width: 3543px) 100vw, 3543px\" \/><\/a>\n\t\t\t<\/div><\/figure><figure class='gallery-item'>\n\t\t\t<div class='gallery-icon landscape'>\n\t\t\t\t<a href='https:\/\/archive.sana.sy\/tr\/wp-content\/uploads\/2019\/04\/4-4-1.jpg'><img loading=\"lazy\" decoding=\"async\" width=\"3543\" height=\"2297\" src=\"https:\/\/archive.sana.sy\/tr\/wp-content\/uploads\/2019\/04\/4-4-1.jpg\" class=\"attachment-full size-full\" alt=\"\" srcset=\"https:\/\/archive.sana.sy\/tr\/wp-content\/uploads\/2019\/04\/4-4-1.jpg 3543w, https:\/\/archive.sana.sy\/tr\/wp-content\/uploads\/2019\/04\/4-4-1-150x97.jpg 150w, https:\/\/archive.sana.sy\/tr\/wp-content\/uploads\/2019\/04\/4-4-1-300x194.jpg 300w, https:\/\/archive.sana.sy\/tr\/wp-content\/uploads\/2019\/04\/4-4-1-768x498.jpg 768w, https:\/\/archive.sana.sy\/tr\/wp-content\/uploads\/2019\/04\/4-4-1-1024x664.jpg 1024w\" sizes=\"auto, (max-width: 3543px) 100vw, 3543px\" \/><\/a>\n\t\t\t<\/div><\/figure><figure class='gallery-item'>\n\t\t\t<div class='gallery-icon landscape'>\n\t\t\t\t<a href='https:\/\/archive.sana.sy\/tr\/wp-content\/uploads\/2019\/04\/4-5-1.jpg'><img loading=\"lazy\" decoding=\"async\" width=\"3543\" height=\"2306\" src=\"https:\/\/archive.sana.sy\/tr\/wp-content\/uploads\/2019\/04\/4-5-1.jpg\" class=\"attachment-full size-full\" alt=\"\" srcset=\"https:\/\/archive.sana.sy\/tr\/wp-content\/uploads\/2019\/04\/4-5-1.jpg 3543w, https:\/\/archive.sana.sy\/tr\/wp-content\/uploads\/2019\/04\/4-5-1-150x98.jpg 150w, https:\/\/archive.sana.sy\/tr\/wp-content\/uploads\/2019\/04\/4-5-1-300x195.jpg 300w, https:\/\/archive.sana.sy\/tr\/wp-content\/uploads\/2019\/04\/4-5-1-768x500.jpg 768w, https:\/\/archive.sana.sy\/tr\/wp-content\/uploads\/2019\/04\/4-5-1-1024x666.jpg 1024w\" sizes=\"auto, (max-width: 3543px) 100vw, 3543px\" \/><\/a>\n\t\t\t<\/div><\/figure><figure class='gallery-item'>\n\t\t\t<div class='gallery-icon landscape'>\n\t\t\t\t<a href='https:\/\/archive.sana.sy\/tr\/wp-content\/uploads\/2019\/04\/4-8-1.jpg'><img loading=\"lazy\" decoding=\"async\" width=\"3543\" height=\"2305\" src=\"https:\/\/archive.sana.sy\/tr\/wp-content\/uploads\/2019\/04\/4-8-1.jpg\" class=\"attachment-full size-full\" alt=\"\" srcset=\"https:\/\/archive.sana.sy\/tr\/wp-content\/uploads\/2019\/04\/4-8-1.jpg 3543w, https:\/\/archive.sana.sy\/tr\/wp-content\/uploads\/2019\/04\/4-8-1-150x98.jpg 150w, https:\/\/archive.sana.sy\/tr\/wp-content\/uploads\/2019\/04\/4-8-1-300x195.jpg 300w, https:\/\/archive.sana.sy\/tr\/wp-content\/uploads\/2019\/04\/4-8-1-768x500.jpg 768w, https:\/\/archive.sana.sy\/tr\/wp-content\/uploads\/2019\/04\/4-8-1-1024x666.jpg 1024w\" sizes=\"auto, (max-width: 3543px) 100vw, 3543px\" \/><\/a>\n\t\t\t<\/div><\/figure>\n\t\t<\/div>\n\n","protected":false},"excerpt":{"rendered":"<p>LAZK\u0130YE \u2013 \u00c7ocuklara sosyal destek amac\u0131yla Lazkiye Kentindeki Esad K\u00fclt\u00fcr Sanat Merkezinde \u201cHayallerimi Resmediyorum\u201d slogan\u0131 alt\u0131nda d\u00fczenlenen festival faaliyetleri sona erdi. Hayalini Resmet Sanat Cemiyetinin organize etti\u011fi festival \u00e7al\u0131\u015fmalar\u0131nda farkl\u0131 ya\u015flardan \u00e7ocuklar folklor oyunlar\u0131n\u0131n yan\u0131 s\u0131ra tiyatro oyunlar\u0131 sergiledi. Gen\u00e7ler ve ergenlik ya\u015flar\u0131nda \u00e7ocuklar\u0131n plastik sanat sergileriyle kat\u0131ld\u0131klar\u0131 festival \u00e7al\u0131\u015fmalar\u0131 bitiminde \u00fcst\u00fcn yetenek kaydedenlere \u00f6d\u00fcller &hellip;<\/p>\n","protected":false},"author":1,"featured_media":180031,"comment_status":"closed","ping_status":"closed","sticky":false,"template":"","format":"standard","meta":{"footnotes":""},"categories":[596,516,479,511,17988,478],"tags":[],"class_list":["post-180030","post","type-post","status-publish","format-standard","has-post-thumbnail","","category-fotografli-raporlar","category-haberler-kultur-ve-sanat","category-haberler-yerel","category-kultur-ve-sanat","category-son-haberler","category-yerel"],"_links":{"self":[{"href":"https:\/\/archive.sana.sy\/tr\/index.php?rest_route=\/wp\/v2\/posts\/180030","targetHints":{"allow":["GET"]}}],"collection":[{"href":"https:\/\/archive.sana.sy\/tr\/index.php?rest_route=\/wp\/v2\/posts"}],"about":[{"href":"https:\/\/archive.sana.sy\/tr\/index.php?rest_route=\/wp\/v2\/types\/post"}],"author":[{"embeddable":true,"href":"https:\/\/archive.sana.sy\/tr\/index.php?rest_route=\/wp\/v2\/users\/1"}],"replies":[{"embeddable":true,"href":"https:\/\/archive.sana.sy\/tr\/index.php?rest_route=%2Fwp%2Fv2%2Fcomments&post=180030"}],"version-history":[{"count":0,"href":"https:\/\/archive.sana.sy\/tr\/index.php?rest_route=\/wp\/v2\/posts\/180030\/revisions"}],"wp:featuredmedia":[{"embeddable":true,"href":"https:\/\/archive.sana.sy\/tr\/index.php?rest_route=\/wp\/v2\/media\/180031"}],"wp:attachment":[{"href":"https:\/\/archive.sana.sy\/tr\/index.php?rest_route=%2Fwp%2Fv2%2Fmedia&parent=180030"}],"wp:term":[{"taxonomy":"category","embeddable":true,"href":"https:\/\/archive.sana.sy\/tr\/index.php?rest_route=%2Fwp%2Fv2%2Fcategories&post=180030"},{"taxonomy":"post_tag","embeddable":true,"href":"https:\/\/archive.sana.sy\/tr\/index.php?rest_route=%2Fwp%2Fv2%2Ftags&post=180030"}],"curies":[{"name":"wp","href":"https:\/\/api.w.org\/{rel}","templated":true}]}}