{"id":180047,"date":"2019-04-13T15:08:41","date_gmt":"2019-04-13T12:08:41","guid":{"rendered":"http:\/\/www.sana.sy\/tr\/?p=180047"},"modified":"2019-04-14T13:57:47","modified_gmt":"2019-04-14T10:57:47","slug":"patrik-hanna-suriye-ve-filistinin-dusmani-birdir","status":"publish","type":"post","link":"https:\/\/archive.sana.sy\/tr\/?p=180047","title":{"rendered":"Patrik Hanna: Suriye ve Filistin\u2019in D\u00fc\u015fman\u0131 Birdir"},"content":{"rendered":"<p>KUD\u00dcS \u2013 Sebastia Rum Ortodokslar Ba\u015fpiskoposu Patrik Ataullah Hanna \u0130srail&#8217;in bug\u00fcn hama k\u0131rsal\u0131 Misyaf B\u00f6lgesinde askeri bir mevkii f\u00fczelerle hedef almalar\u0131n\u0131 k\u0131nad\u0131.<\/p>\n<p>Patrik Hanna bug\u00fcn yay\u0131nlad\u0131\u011f\u0131 beyanda; \u0130srail\u2019in bulundu\u011fu bu f\u00fcze sald\u0131r\u0131s\u0131n\u0131n ter\u00f6r\u00fcn y\u0131llard\u0131r edat olarak kullan\u0131ld\u0131\u011f\u0131 Suriye&#8217;ye y\u00f6nelik muhtelif y\u00f6nl\u00fc sava\u015f\u0131n hedefine ula\u015fmada ba\u015far\u0131s\u0131z kald\u0131\u011f\u0131na bir kan\u0131t te\u015fkil etti\u011fini belirtti. Bu sava\u015fta Suriye&#8217;nin toprak b\u00fct\u00fcnl\u00fc\u011f\u00fc ve egemenli\u011finin hedef al\u0131nd\u0131\u011f\u0131na dikkat \u00e7eken Patrik Hanna; b\u00f6lge ve halklar\u0131na y\u00f6nelik hegemonya ve s\u00f6m\u00fcr\u00fc ama\u00e7l\u0131 Siyonist planlar\u0131n Suriye&#8217;de ba\u015far\u0131s\u0131z kald\u0131\u011f\u0131n\u0131 vurgulad\u0131.<\/p>\n<p>Patrik Hanna \u0130srail&#8217;in Suriye&#8217;ye tekrarlanan sald\u0131r\u0131lar\u0131 ve radikal ter\u00f6re deste\u011finin Suriye&#8217;ye y\u00f6nelik bu sava\u015f\u0131n sadece Suriye ve halk\u0131n\u0131 hedef almad\u0131\u011f\u0131n\u0131n alt\u0131n\u0131 \u00e7izdi. Bu sava\u015fta Filistin ve Filistinlilerin hakl\u0131 davalar\u0131n\u0131n hedef al\u0131nd\u0131\u011f\u0131na dikkat \u00e7eken Patrik Hanna; amac\u0131n Filistin davas\u0131n\u0131 \u0130srail lehine tasfiye etmek oldu\u011funu belirtti.<\/p>\n<p>Ba\u015fpiskopos Hanna g\u00fcn\u00fcm\u00fczde ger\u00e7eklerin de\u015fifre edildi\u011fine dikkat \u00e7ekerken; bir k\u0131s\u0131m taraflar\u0131n Filistin davas\u0131n\u0131 tasfiye etme ve \u00e7a\u011f\u0131n anla\u015fmas\u0131n\u0131 hayata ge\u00e7irmeye \u00e7al\u0131\u015ft\u0131klar\u0131n\u0131 ifade etti. Filistin ve Kud\u00fcs davas\u0131n\u0131 tasfiye etmeye \u00e7al\u0131\u015fan taraflar\u0131n ayn\u0131s\u0131n\u0131n Suriye ve halk\u0131n\u0131 hedef ald\u0131klar\u0131n\u0131 belirten Patrik Hanna; Suriye ve Filistin\u2019in ac\u0131s\u0131, d\u00fc\u015fman\u0131 ve yaras\u0131n\u0131n bir oldu\u011funun alt\u0131n\u0131 \u00e7izdi.<\/p>\n","protected":false},"excerpt":{"rendered":"<p>KUD\u00dcS \u2013 Sebastia Rum Ortodokslar Ba\u015fpiskoposu Patrik Ataullah Hanna \u0130srail&#8217;in bug\u00fcn hama k\u0131rsal\u0131 Misyaf B\u00f6lgesinde askeri bir mevkii f\u00fczelerle hedef almalar\u0131n\u0131 k\u0131nad\u0131. Patrik Hanna bug\u00fcn yay\u0131nlad\u0131\u011f\u0131 beyanda; \u0130srail\u2019in bulundu\u011fu bu f\u00fcze sald\u0131r\u0131s\u0131n\u0131n ter\u00f6r\u00fcn y\u0131llard\u0131r edat olarak kullan\u0131ld\u0131\u011f\u0131 Suriye&#8217;ye y\u00f6nelik muhtelif y\u00f6nl\u00fc sava\u015f\u0131n hedefine ula\u015fmada ba\u015far\u0131s\u0131z kald\u0131\u011f\u0131na bir kan\u0131t te\u015fkil etti\u011fini belirtti. Bu sava\u015fta Suriye&#8217;nin toprak &hellip;<\/p>\n","protected":false},"author":1,"featured_media":180048,"comment_status":"closed","ping_status":"closed","sticky":false,"template":"","format":"standard","meta":{"footnotes":""},"categories":[458,459,17988],"tags":[],"class_list":["post-180047","post","type-post","status-publish","format-standard","has-post-thumbnail","","category-dunya1","category-haberler-arap-uluslararasi-politika","category-son-haberler"],"_links":{"self":[{"href":"https:\/\/archive.sana.sy\/tr\/index.php?rest_route=\/wp\/v2\/posts\/180047","targetHints":{"allow":["GET"]}}],"collection":[{"href":"https:\/\/archive.sana.sy\/tr\/index.php?rest_route=\/wp\/v2\/posts"}],"about":[{"href":"https:\/\/archive.sana.sy\/tr\/index.php?rest_route=\/wp\/v2\/types\/post"}],"author":[{"embeddable":true,"href":"https:\/\/archive.sana.sy\/tr\/index.php?rest_route=\/wp\/v2\/users\/1"}],"replies":[{"embeddable":true,"href":"https:\/\/archive.sana.sy\/tr\/index.php?rest_route=%2Fwp%2Fv2%2Fcomments&post=180047"}],"version-history":[{"count":0,"href":"https:\/\/archive.sana.sy\/tr\/index.php?rest_route=\/wp\/v2\/posts\/180047\/revisions"}],"wp:featuredmedia":[{"embeddable":true,"href":"https:\/\/archive.sana.sy\/tr\/index.php?rest_route=\/wp\/v2\/media\/180048"}],"wp:attachment":[{"href":"https:\/\/archive.sana.sy\/tr\/index.php?rest_route=%2Fwp%2Fv2%2Fmedia&parent=180047"}],"wp:term":[{"taxonomy":"category","embeddable":true,"href":"https:\/\/archive.sana.sy\/tr\/index.php?rest_route=%2Fwp%2Fv2%2Fcategories&post=180047"},{"taxonomy":"post_tag","embeddable":true,"href":"https:\/\/archive.sana.sy\/tr\/index.php?rest_route=%2Fwp%2Fv2%2Ftags&post=180047"}],"curies":[{"name":"wp","href":"https:\/\/api.w.org\/{rel}","templated":true}]}}