{"id":180618,"date":"2019-04-18T21:01:02","date_gmt":"2019-04-18T18:01:02","guid":{"rendered":"http:\/\/sana.sy\/tr\/?p=180618"},"modified":"2019-04-20T12:16:36","modified_gmt":"2019-04-20T09:16:36","slug":"suriye-yaltada-duzenlenen-5-uluslararasi-ekonomik-forumuna-katiliyor","status":"publish","type":"post","link":"https:\/\/archive.sana.sy\/tr\/?p=180618","title":{"rendered":"Suriye Yalta&#8217;da D\u00fczenlenen 5. Uluslararas\u0131 Ekonomik Forumu&#8217;na Kat\u0131l\u0131yor"},"content":{"rendered":"<p style=\"text-align: justify\">YALTA \u2013Suriye&#8217;nin de kat\u0131l\u0131m\u0131yla 89 \u00fclkenin kat\u0131l\u0131m\u0131yla 5. Uluslararas\u0131 Ekonomik Forumu bug\u00fcn Rusya&#8217;n\u0131n K\u0131r\u0131m Cumhuriyeti Yalta \u015eehrinde a\u00e7\u0131l\u0131\u015f\u0131 yap\u0131ld\u0131.<\/p>\n<p style=\"text-align: justify\">Suriye&#8217;yi forumda baz\u0131 i\u015f adamlar\u0131n\u0131 i\u00e7eren Ekonomi ve D\u0131\u015f Ticaret Bakan\u0131 Muhammed Samir Halil ba\u015fkanl\u0131\u011f\u0131ndaki heyet temsil ediyor.<\/p>\n<p style=\"text-align: justify\">K\u0131r\u0131m Cumhuriyeti Ba\u015fkan\u0131 Sergey Aksiyonov Forum a\u00e7\u0131l\u0131nda yapt\u0131\u011f\u0131 konu\u015fmas\u0131nda, ge\u00e7en be\u015f y\u0131l boyunca elde edilen ve bu zaman zarf\u0131nda ba\u015far\u0131lar\u0131n\u0131n g\u00f6r\u00fcld\u00fc\u011f\u00fc somut sonu\u00e7lara i\u015faret ederek, forumun halihaz\u0131rdaki d\u00f6nemiyle K\u0131r\u0131m&#8217;\u0131n ana vatan Suriye&#8217;ye geri d\u00f6n\u00fc\u015f\u00fcn\u00fcn 5. y\u0131l d\u00f6n\u00fcm\u00fcyle ayn\u0131n zamana denk geldi\u011fine dikkat \u00e7ekti.<\/p>\n<p style=\"text-align: justify\">Kendi y\u00f6n\u00fcnden kat\u0131l\u0131mc\u0131 Yalta Forumu Ba\u015fkan\u0131 Andre Nazarov, forumun her ge\u00e7en y\u0131l sa\u011flad\u0131\u011f\u0131 ba\u015far\u0131lara dikkat \u00e7ekerek, bu y\u0131lki kat\u0131l\u0131mc\u0131 say\u0131s\u0131n\u0131n 89 \u00fclkeden 4500&#8217;den fazla kat\u0131l\u0131mc\u0131ya vard\u0131\u011f\u0131n\u0131 ifade etti.<\/p>\n<p style=\"text-align: justify\">Rusya H\u00fckumetinin deste\u011fiyle K\u0131r\u0131m H\u00fckumeti, Yalta Sempozyum Fonu&#8217;nun d\u00fczenledi\u011fi Forum, bu ay\u0131n 20&#8217;sine kadar s\u00fcrecek ve kat\u0131l\u0131mc\u0131 \u00fclkeler aras\u0131nda ekonomik ve ticaret anla\u015fmalar\u0131n\u0131n imzalanmas\u0131na sahne olacak.<\/p>\n<p>\u00c7eviri: S. \u015eahhut.<\/p>\n","protected":false},"excerpt":{"rendered":"<p>YALTA \u2013Suriye&#8217;nin de kat\u0131l\u0131m\u0131yla 89 \u00fclkenin kat\u0131l\u0131m\u0131yla 5. Uluslararas\u0131 Ekonomik Forumu bug\u00fcn Rusya&#8217;n\u0131n K\u0131r\u0131m Cumhuriyeti Yalta \u015eehrinde a\u00e7\u0131l\u0131\u015f\u0131 yap\u0131ld\u0131. Suriye&#8217;yi forumda baz\u0131 i\u015f adamlar\u0131n\u0131 i\u00e7eren Ekonomi ve D\u0131\u015f Ticaret Bakan\u0131 Muhammed Samir Halil ba\u015fkanl\u0131\u011f\u0131ndaki heyet temsil ediyor. K\u0131r\u0131m Cumhuriyeti Ba\u015fkan\u0131 Sergey Aksiyonov Forum a\u00e7\u0131l\u0131nda yapt\u0131\u011f\u0131 konu\u015fmas\u0131nda, ge\u00e7en be\u015f y\u0131l boyunca elde edilen ve bu zaman &hellip;<\/p>\n","protected":false},"author":1,"featured_media":180619,"comment_status":"closed","ping_status":"closed","sticky":false,"template":"","format":"standard","meta":{"footnotes":""},"categories":[458,459,17988],"tags":[],"class_list":["post-180618","post","type-post","status-publish","format-standard","has-post-thumbnail","","category-dunya1","category-haberler-arap-uluslararasi-politika","category-son-haberler"],"_links":{"self":[{"href":"https:\/\/archive.sana.sy\/tr\/index.php?rest_route=\/wp\/v2\/posts\/180618","targetHints":{"allow":["GET"]}}],"collection":[{"href":"https:\/\/archive.sana.sy\/tr\/index.php?rest_route=\/wp\/v2\/posts"}],"about":[{"href":"https:\/\/archive.sana.sy\/tr\/index.php?rest_route=\/wp\/v2\/types\/post"}],"author":[{"embeddable":true,"href":"https:\/\/archive.sana.sy\/tr\/index.php?rest_route=\/wp\/v2\/users\/1"}],"replies":[{"embeddable":true,"href":"https:\/\/archive.sana.sy\/tr\/index.php?rest_route=%2Fwp%2Fv2%2Fcomments&post=180618"}],"version-history":[{"count":0,"href":"https:\/\/archive.sana.sy\/tr\/index.php?rest_route=\/wp\/v2\/posts\/180618\/revisions"}],"wp:featuredmedia":[{"embeddable":true,"href":"https:\/\/archive.sana.sy\/tr\/index.php?rest_route=\/wp\/v2\/media\/180619"}],"wp:attachment":[{"href":"https:\/\/archive.sana.sy\/tr\/index.php?rest_route=%2Fwp%2Fv2%2Fmedia&parent=180618"}],"wp:term":[{"taxonomy":"category","embeddable":true,"href":"https:\/\/archive.sana.sy\/tr\/index.php?rest_route=%2Fwp%2Fv2%2Fcategories&post=180618"},{"taxonomy":"post_tag","embeddable":true,"href":"https:\/\/archive.sana.sy\/tr\/index.php?rest_route=%2Fwp%2Fv2%2Ftags&post=180618"}],"curies":[{"name":"wp","href":"https:\/\/api.w.org\/{rel}","templated":true}]}}