{"id":180652,"date":"2019-04-19T14:04:04","date_gmt":"2019-04-19T11:04:04","guid":{"rendered":"http:\/\/www.sana.sy\/tr\/?p=180652"},"modified":"2019-04-20T12:17:23","modified_gmt":"2019-04-20T09:17:23","slug":"uluslararasi-ikinci-halep-fuarina-500-firma-katiliyor","status":"publish","type":"post","link":"https:\/\/archive.sana.sy\/tr\/?p=180652","title":{"rendered":"Uluslararas\u0131 \u0130kinci Halep Fuar\u0131na 500 Firma Kat\u0131l\u0131yor"},"content":{"rendered":"<p style=\"text-align: justify\">HALEP \u2013Uluslararas\u0131 \u0130kinci Halep Fuar\u0131, sanayi, ticaret ve hizmet sekt\u00f6rlerinden yakla\u015f\u0131k 500 firman\u0131n kat\u0131l\u0131m\u0131yla yar\u0131n Hamadaniye Spor Kentinde a\u00e7\u0131l\u0131\u015f\u0131 yap\u0131l\u0131yor.<\/p>\n<p style=\"text-align: justify\">Syriatel \u015eirketi i\u015fbirli\u011fiyle fuar\u0131 organize eden Nizam \u015eirketi M\u00fcd\u00fcr\u00fc Mustafa Nizam SANA muhabirine a\u00e7\u0131klamas\u0131nda, uluslararas\u0131 Halep fuar\u0131n\u0131n organize edilmesi hedefinin Suriye sanayi ve \u00fcr\u00fcnlerini yerel ve uluslararas\u0131 arenada pazarlamak ve Suriyeli \u00fcr\u00fcnlerin kullan\u0131m\u0131n\u0131 te\u015fvik etmek yan\u0131 s\u0131ra, yat\u0131r\u0131mc\u0131larla i\u015f adamlar\u0131n\u0131 Suriyeli \u00fcr\u00fcnlerle do\u011frudan tan\u0131\u015ft\u0131rmak oldu\u011funu s\u00f6yledi.<\/p>\n<p style=\"text-align: justify\">Nizam, fuar\u0131n organize edilece\u011fi alan\u0131n 4 bin metrekare oldu\u011funu buna ek olarak kamu ve \u00f6zel kurumlar\u0131n\u0131n kat\u0131l\u0131m\u0131 yan\u0131 s\u0131ra aralar\u0131nda \u00c7in, Endonezya, Venez\u00fcella, G\u00fcney Afrika, Filipinler, S\u0131rbistan, Ermenistan, Filistin ve Yemen&#8217;in bulundu\u011fu Arap ve yabanc\u0131 \u00fclkelerden firmalar\u0131n kat\u0131ld\u0131\u011f\u0131na i\u015faret etti.<\/p>\n<p>\u00c7eviri: S. \u015eahhut.<\/p>\n","protected":false},"excerpt":{"rendered":"<p>HALEP \u2013Uluslararas\u0131 \u0130kinci Halep Fuar\u0131, sanayi, ticaret ve hizmet sekt\u00f6rlerinden yakla\u015f\u0131k 500 firman\u0131n kat\u0131l\u0131m\u0131yla yar\u0131n Hamadaniye Spor Kentinde a\u00e7\u0131l\u0131\u015f\u0131 yap\u0131l\u0131yor. Syriatel \u015eirketi i\u015fbirli\u011fiyle fuar\u0131 organize eden Nizam \u015eirketi M\u00fcd\u00fcr\u00fc Mustafa Nizam SANA muhabirine a\u00e7\u0131klamas\u0131nda, uluslararas\u0131 Halep fuar\u0131n\u0131n organize edilmesi hedefinin Suriye sanayi ve \u00fcr\u00fcnlerini yerel ve uluslararas\u0131 arenada pazarlamak ve Suriyeli \u00fcr\u00fcnlerin kullan\u0131m\u0131n\u0131 te\u015fvik etmek &hellip;<\/p>\n","protected":false},"author":1,"featured_media":180653,"comment_status":"closed","ping_status":"closed","sticky":false,"template":"","format":"standard","meta":{"footnotes":""},"categories":[485,486,479,17988,478],"tags":[],"class_list":["post-180652","post","type-post","status-publish","format-standard","has-post-thumbnail","","category-is-ve-sermaye","category-haberler-is-ve-sermaye","category-haberler-yerel","category-son-haberler","category-yerel"],"_links":{"self":[{"href":"https:\/\/archive.sana.sy\/tr\/index.php?rest_route=\/wp\/v2\/posts\/180652","targetHints":{"allow":["GET"]}}],"collection":[{"href":"https:\/\/archive.sana.sy\/tr\/index.php?rest_route=\/wp\/v2\/posts"}],"about":[{"href":"https:\/\/archive.sana.sy\/tr\/index.php?rest_route=\/wp\/v2\/types\/post"}],"author":[{"embeddable":true,"href":"https:\/\/archive.sana.sy\/tr\/index.php?rest_route=\/wp\/v2\/users\/1"}],"replies":[{"embeddable":true,"href":"https:\/\/archive.sana.sy\/tr\/index.php?rest_route=%2Fwp%2Fv2%2Fcomments&post=180652"}],"version-history":[{"count":0,"href":"https:\/\/archive.sana.sy\/tr\/index.php?rest_route=\/wp\/v2\/posts\/180652\/revisions"}],"wp:featuredmedia":[{"embeddable":true,"href":"https:\/\/archive.sana.sy\/tr\/index.php?rest_route=\/wp\/v2\/media\/180653"}],"wp:attachment":[{"href":"https:\/\/archive.sana.sy\/tr\/index.php?rest_route=%2Fwp%2Fv2%2Fmedia&parent=180652"}],"wp:term":[{"taxonomy":"category","embeddable":true,"href":"https:\/\/archive.sana.sy\/tr\/index.php?rest_route=%2Fwp%2Fv2%2Fcategories&post=180652"},{"taxonomy":"post_tag","embeddable":true,"href":"https:\/\/archive.sana.sy\/tr\/index.php?rest_route=%2Fwp%2Fv2%2Ftags&post=180652"}],"curies":[{"name":"wp","href":"https:\/\/api.w.org\/{rel}","templated":true}]}}