{"id":180657,"date":"2019-04-19T12:51:06","date_gmt":"2019-04-19T09:51:06","guid":{"rendered":"http:\/\/www.sana.sy\/tr\/?p=180657"},"modified":"2019-04-20T13:45:27","modified_gmt":"2019-04-20T10:45:27","slug":"baskan-esad-lavrentievi-kabulunde-idlible-ilgili-anlasmanin-uygulanmasi-onundeki-engellerin-asilmasi-geregi-vurgulandi","status":"publish","type":"post","link":"https:\/\/archive.sana.sy\/tr\/?p=180657","title":{"rendered":"\u0130dlib&#8217;le \u0130lgili Anla\u015fman\u0131n Uygulanmas\u0131 \u00d6n\u00fcndeki Engellerin A\u015f\u0131lmas\u0131 Gere\u011fi Vurguland\u0131"},"content":{"rendered":"<p style=\"text-align: justify\">\u015eAM \u2013 Cumhurba\u015fkan\u0131 Be\u015f\u015far Esad bug\u00fcn Rusya Ba\u015fkan\u0131 Viladimir Putin&#8217;in Suriye \u00d6zel Temsilcisi Aleksander Lavrentiev, Rusya D\u0131\u015fi\u015fleri Bakan Yard\u0131mc\u0131s\u0131 Sergey Ver\u015finin ve beraberlerindeki heyeti kabul etti.<\/p>\n<p style=\"text-align: justify\">Kabulde Astana g\u00f6r\u00fc\u015fmeleri gelecek turunun g\u00fcndemindeki konular ele al\u0131n\u0131rken, Cumhurba\u015fkan\u0131 Esad ve Lavrentiev, ba\u015fta ter\u00f6rizmden kurtulmak ve Suriye&#8217;nin b\u00fct\u00fcn topraklar\u0131na g\u00fcven ve istikrar\u0131n geri getirilmesi olmak \u00fczere Suriye halk\u0131n\u0131n \u00f6zlemlerini yerine getirecek olumlu sonu\u00e7larla \u00e7\u0131kmak i\u00e7in \u00f6ze s\u00fcr\u00fclen konularla ilgili her iki taraf aras\u0131ndaki koordinasyonun s\u00fcrd\u00fcr\u00fclmesi \u00f6nemini belirttiler.<\/p>\n<p style=\"text-align: justify\"><a href=\"http:\/\/www.sana.sy\/tr\/wp-content\/uploads\/2019\/04\/\u0627\u0644\u0633\u064a\u062f-\u0627\u0644\u0631\u0626\u064a\u0633.jpg22.jpg\"><img loading=\"lazy\" decoding=\"async\" class=\"wp-image-180659 size-medium alignright\" src=\"http:\/\/www.sana.sy\/tr\/wp-content\/uploads\/2019\/04\/\u0627\u0644\u0633\u064a\u062f-\u0627\u0644\u0631\u0626\u064a\u0633.jpg22-300x146.jpg\" alt=\"\" width=\"300\" height=\"146\" srcset=\"https:\/\/archive.sana.sy\/tr\/wp-content\/uploads\/2019\/04\/\u0627\u0644\u0633\u064a\u062f-\u0627\u0644\u0631\u0626\u064a\u0633.jpg22-300x146.jpg 300w, https:\/\/archive.sana.sy\/tr\/wp-content\/uploads\/2019\/04\/\u0627\u0644\u0633\u064a\u062f-\u0627\u0644\u0631\u0626\u064a\u0633.jpg22-150x73.jpg 150w, https:\/\/archive.sana.sy\/tr\/wp-content\/uploads\/2019\/04\/\u0627\u0644\u0633\u064a\u062f-\u0627\u0644\u0631\u0626\u064a\u0633.jpg22.jpg 660w\" sizes=\"auto, (max-width: 300px) 100vw, 300px\" \/><\/a>Cumhurba\u015fkan\u0131 Esad, Astana g\u00f6r\u00fc\u015fmelerinin bu turunda, \u0130dlib&#8217;e kom\u015fu g\u00fcvenli b\u00f6lgelerdeki sivillere sald\u0131ran ter\u00f6rist gruplar\u0131n ortadan kald\u0131r\u0131lmas\u0131na odaklanan \u0130dlib b\u00f6lgesiyle ilgili daha \u00f6nce anla\u015fmaya var\u0131lan ve uygulanmas\u0131n\u0131n \u00f6n\u00fcndeki engellerin \u00fcstesinden gelmek i\u00e7in \u00e7al\u0131\u015f\u0131lmas\u0131 gere\u011fini vurgulad\u0131.<\/p>\n<p style=\"text-align: justify\">Kendi y\u00f6n\u00fcnden Lavrentiev, ter\u00f6r\u00fcn ortadan kald\u0131r\u0131lmas\u0131 olsun veya siyasi s\u00fcre\u00e7 ve anayasal komite veyahut da kay\u0131p ve m\u00fcltecilerin durumlar\u0131n\u0131n bilinmesi olsun daha fazla ba\u015far\u0131lar\u0131n sa\u011flanmas\u0131 a\u00e7\u0131s\u0131ndan Astana g\u00f6r\u00fc\u015fmelerinin ba\u015far\u0131l\u0131 olaca\u011f\u0131na inand\u0131\u011f\u0131n\u0131 dile getirdi.<\/p>\n<p style=\"text-align: justify\">G\u00f6r\u00fc\u015fmede ayr\u0131ca tutuklular\u0131n de\u011fi\u015fimi, kay\u0131plar\u0131n kaderiyle ilgili inisiyatifler de ele al\u0131narak bu \u00e7er\u00e7evede harcanan \u00e7abalarla \u00f6nemli insani ve sosyal boyutlar\u0131yla bu dosya ile ilgili beklenen sonu\u00e7lar\u0131n sa\u011flanmas\u0131 yolunda \u00e7al\u0131\u015fmalar\u0131n h\u0131zland\u0131r\u0131lmas\u0131 \u00f6nemi vurguland\u0131.<\/p>\n<p style=\"text-align: justify\">G\u00f6r\u00fc\u015fmeye Ulusal G\u00fcvenlik Ofisi Ba\u015fkan\u0131 Ali Meml\u00fck, D\u0131\u015fi\u015fleri ve Gurbet\u00e7iler Bakan\u0131 Yard\u0131mc\u0131s\u0131 Eymen Sosan ve Rusya&#8217;n\u0131n \u015eam B\u00fcy\u00fckel\u00e7isi kat\u0131ld\u0131.<\/p>\n<p>\u00c7eviri: S. \u015eahhut.<\/p>\n","protected":false},"excerpt":{"rendered":"<p>\u015eAM \u2013 Cumhurba\u015fkan\u0131 Be\u015f\u015far Esad bug\u00fcn Rusya Ba\u015fkan\u0131 Viladimir Putin&#8217;in Suriye \u00d6zel Temsilcisi Aleksander Lavrentiev, Rusya D\u0131\u015fi\u015fleri Bakan Yard\u0131mc\u0131s\u0131 Sergey Ver\u015finin ve beraberlerindeki heyeti kabul etti. Kabulde Astana g\u00f6r\u00fc\u015fmeleri gelecek turunun g\u00fcndemindeki konular ele al\u0131n\u0131rken, Cumhurba\u015fkan\u0131 Esad ve Lavrentiev, ba\u015fta ter\u00f6rizmden kurtulmak ve Suriye&#8217;nin b\u00fct\u00fcn topraklar\u0131na g\u00fcven ve istikrar\u0131n geri getirilmesi olmak \u00fczere Suriye halk\u0131n\u0131n &hellip;<\/p>\n","protected":false},"author":1,"featured_media":180658,"comment_status":"closed","ping_status":"closed","sticky":false,"template":"","format":"standard","meta":{"footnotes":""},"categories":[608,479,605,17988,478],"tags":[],"class_list":["post-180657","post","type-post","status-publish","format-standard","has-post-thumbnail","","category-etkinlikler","category-haberler-yerel","category-sayin-cumhurbaskani","category-son-haberler","category-yerel"],"_links":{"self":[{"href":"https:\/\/archive.sana.sy\/tr\/index.php?rest_route=\/wp\/v2\/posts\/180657","targetHints":{"allow":["GET"]}}],"collection":[{"href":"https:\/\/archive.sana.sy\/tr\/index.php?rest_route=\/wp\/v2\/posts"}],"about":[{"href":"https:\/\/archive.sana.sy\/tr\/index.php?rest_route=\/wp\/v2\/types\/post"}],"author":[{"embeddable":true,"href":"https:\/\/archive.sana.sy\/tr\/index.php?rest_route=\/wp\/v2\/users\/1"}],"replies":[{"embeddable":true,"href":"https:\/\/archive.sana.sy\/tr\/index.php?rest_route=%2Fwp%2Fv2%2Fcomments&post=180657"}],"version-history":[{"count":0,"href":"https:\/\/archive.sana.sy\/tr\/index.php?rest_route=\/wp\/v2\/posts\/180657\/revisions"}],"wp:featuredmedia":[{"embeddable":true,"href":"https:\/\/archive.sana.sy\/tr\/index.php?rest_route=\/wp\/v2\/media\/180658"}],"wp:attachment":[{"href":"https:\/\/archive.sana.sy\/tr\/index.php?rest_route=%2Fwp%2Fv2%2Fmedia&parent=180657"}],"wp:term":[{"taxonomy":"category","embeddable":true,"href":"https:\/\/archive.sana.sy\/tr\/index.php?rest_route=%2Fwp%2Fv2%2Fcategories&post=180657"},{"taxonomy":"post_tag","embeddable":true,"href":"https:\/\/archive.sana.sy\/tr\/index.php?rest_route=%2Fwp%2Fv2%2Ftags&post=180657"}],"curies":[{"name":"wp","href":"https:\/\/api.w.org\/{rel}","templated":true}]}}