{"id":180805,"date":"2019-04-21T10:11:25","date_gmt":"2019-04-21T07:11:25","guid":{"rendered":"http:\/\/www.sana.sy\/tr\/?p=180805"},"modified":"2019-04-22T14:08:15","modified_gmt":"2019-04-22T11:08:15","slug":"teror-yuvalari-yogun-atese-tutuldu","status":"publish","type":"post","link":"https:\/\/archive.sana.sy\/tr\/?p=180805","title":{"rendered":"Ter\u00f6r Yuvalar\u0131 Yo\u011fun Ate\u015fe Tutuldu"},"content":{"rendered":"<p>HAMA \u2013 Ordu birliklerimiz \u0130dlib\u2019te gerginli\u011fi azaltma anla\u015fmas\u0131na ihlallerini ve civardaki g\u00fcvenli b\u00f6lgelere sald\u0131r\u0131lar\u0131n\u0131 s\u00fcrd\u00fcren ter\u00f6ristlerin hareket eksenleri, siper ve sald\u0131r\u0131lar\u0131nda kulland\u0131klar\u0131 f\u00fcze rampalar\u0131n\u0131 yo\u011fun ate\u015fe tuttu.<\/p>\n<p>SANA\u2019n\u0131n Hama muhabiri ordu birliklerimizin Hama k\u0131rsal\u0131n\u0131n kuzeybat\u0131s\u0131 \u015eah\u015febu Da\u011f\u0131nda yer alan \u015eehrinaz, \u015eovrlin, Kerket ve Sahriye beldelerinde civardaki g\u00fcvenli b\u00f6lgelere sald\u0131ran Nusra Cepheli ter\u00f6ristlerin toplanma yerleri, karargah ve hareket eksenlerini yo\u011fun ate\u015fe tuttuklar\u0131n\u0131 belirtti.<\/p>\n<p>Muhabir nitelikli ve odakl\u0131 operasyonlarda geneli yabanc\u0131 ter\u00f6ristlerden olu\u015fan radikal ter\u00f6ristlerin say\u0131 ve cephane a\u00e7\u0131s\u0131ndan b\u00fcy\u00fck kay\u0131plara u\u011frat\u0131ld\u0131klar\u0131na dikkat \u00e7ekti.<\/p>\n","protected":false},"excerpt":{"rendered":"<p>HAMA \u2013 Ordu birliklerimiz \u0130dlib\u2019te gerginli\u011fi azaltma anla\u015fmas\u0131na ihlallerini ve civardaki g\u00fcvenli b\u00f6lgelere sald\u0131r\u0131lar\u0131n\u0131 s\u00fcrd\u00fcren ter\u00f6ristlerin hareket eksenleri, siper ve sald\u0131r\u0131lar\u0131nda kulland\u0131klar\u0131 f\u00fcze rampalar\u0131n\u0131 yo\u011fun ate\u015fe tuttu. SANA\u2019n\u0131n Hama muhabiri ordu birliklerimizin Hama k\u0131rsal\u0131n\u0131n kuzeybat\u0131s\u0131 \u015eah\u015febu Da\u011f\u0131nda yer alan \u015eehrinaz, \u015eovrlin, Kerket ve Sahriye beldelerinde civardaki g\u00fcvenli b\u00f6lgelere sald\u0131ran Nusra Cepheli ter\u00f6ristlerin toplanma yerleri, karargah &hellip;<\/p>\n","protected":false},"author":1,"featured_media":180806,"comment_status":"closed","ping_status":"closed","sticky":false,"template":"","format":"standard","meta":{"footnotes":""},"categories":[479,575,17988,478],"tags":[],"class_list":["post-180805","post","type-post","status-publish","format-standard","has-post-thumbnail","","category-haberler-yerel","category-olaylar-ve-gercekler","category-son-haberler","category-yerel"],"_links":{"self":[{"href":"https:\/\/archive.sana.sy\/tr\/index.php?rest_route=\/wp\/v2\/posts\/180805","targetHints":{"allow":["GET"]}}],"collection":[{"href":"https:\/\/archive.sana.sy\/tr\/index.php?rest_route=\/wp\/v2\/posts"}],"about":[{"href":"https:\/\/archive.sana.sy\/tr\/index.php?rest_route=\/wp\/v2\/types\/post"}],"author":[{"embeddable":true,"href":"https:\/\/archive.sana.sy\/tr\/index.php?rest_route=\/wp\/v2\/users\/1"}],"replies":[{"embeddable":true,"href":"https:\/\/archive.sana.sy\/tr\/index.php?rest_route=%2Fwp%2Fv2%2Fcomments&post=180805"}],"version-history":[{"count":0,"href":"https:\/\/archive.sana.sy\/tr\/index.php?rest_route=\/wp\/v2\/posts\/180805\/revisions"}],"wp:featuredmedia":[{"embeddable":true,"href":"https:\/\/archive.sana.sy\/tr\/index.php?rest_route=\/wp\/v2\/media\/180806"}],"wp:attachment":[{"href":"https:\/\/archive.sana.sy\/tr\/index.php?rest_route=%2Fwp%2Fv2%2Fmedia&parent=180805"}],"wp:term":[{"taxonomy":"category","embeddable":true,"href":"https:\/\/archive.sana.sy\/tr\/index.php?rest_route=%2Fwp%2Fv2%2Fcategories&post=180805"},{"taxonomy":"post_tag","embeddable":true,"href":"https:\/\/archive.sana.sy\/tr\/index.php?rest_route=%2Fwp%2Fv2%2Ftags&post=180805"}],"curies":[{"name":"wp","href":"https:\/\/api.w.org\/{rel}","templated":true}]}}