{"id":180809,"date":"2019-04-21T12:00:03","date_gmt":"2019-04-21T09:00:03","guid":{"rendered":"http:\/\/www.sana.sy\/tr\/?p=180809"},"modified":"2019-04-22T14:01:35","modified_gmt":"2019-04-22T11:01:35","slug":"adaletli-herkes-icin-onemli-bir-meseledir","status":"publish","type":"post","link":"https:\/\/archive.sana.sy\/tr\/?p=180809","title":{"rendered":"Adaletli herkes \u0130\u00e7in \u00d6nemli Bir Meseledir"},"content":{"rendered":"<p>BEYRUT \u2013 Sebastia Rum Ortodokslar Ba\u015fpiskoposu Patrik Ataullah Hanna; alt\u0131 y\u0131l \u00f6nce Halep k\u0131rsal\u0131nda insani bir g\u00f6revden d\u00f6n\u00fc\u015fleri s\u0131ras\u0131nda d\u0131\u015f g\u00fc\u00e7lere tabi ter\u00f6ristler taraf\u0131ndan ka\u00e7\u0131r\u0131lan Halep Rum Ortodokslar Metropoliti Paul Yaz\u0131c\u0131 ve S\u00fcryani Ortodokslar Metropoliti Yuhanna \u0130brahim meselesinin adalet isteyen herkes i\u00e7in \u00f6nemli bir mesele oldu\u011funu belirtti.<\/p>\n<p>\u0130ki metropolitin ka\u00e7\u0131r\u0131lmalar\u0131n\u0131n alt\u0131nc\u0131 y\u0131ld\u00f6n\u00fcm\u00fc m\u00fcnasebetiyle bir mesaj yay\u0131nlayan Ba\u015fpiskopos Hanna; bu \u00e7irkef ve insanl\u0131k d\u0131\u015f\u0131 eylemin kesinlikle unutulmayaca\u011f\u0131n\u0131 ifade etti. Hanna bu meselenin t\u00fcm b\u00f6lgede hem H\u0131ristiyan hem de M\u00fcsl\u00fcman t\u00fcm insanlar\u0131 ilgilendirdi\u011fini, dolay\u0131s\u0131yla iki metropolit serbest b\u0131rak\u0131l\u0131ncaya dek \u00e7abalar\u0131n yo\u011funla\u015ft\u0131r\u0131l\u0131p birle\u015ftirilmesi gerekti\u011finin alt\u0131n\u0131 \u00e7izdi.<\/p>\n","protected":false},"excerpt":{"rendered":"<p>BEYRUT \u2013 Sebastia Rum Ortodokslar Ba\u015fpiskoposu Patrik Ataullah Hanna; alt\u0131 y\u0131l \u00f6nce Halep k\u0131rsal\u0131nda insani bir g\u00f6revden d\u00f6n\u00fc\u015fleri s\u0131ras\u0131nda d\u0131\u015f g\u00fc\u00e7lere tabi ter\u00f6ristler taraf\u0131ndan ka\u00e7\u0131r\u0131lan Halep Rum Ortodokslar Metropoliti Paul Yaz\u0131c\u0131 ve S\u00fcryani Ortodokslar Metropoliti Yuhanna \u0130brahim meselesinin adalet isteyen herkes i\u00e7in \u00f6nemli bir mesele oldu\u011funu belirtti. \u0130ki metropolitin ka\u00e7\u0131r\u0131lmalar\u0131n\u0131n alt\u0131nc\u0131 y\u0131ld\u00f6n\u00fcm\u00fc m\u00fcnasebetiyle bir mesaj &hellip;<\/p>\n","protected":false},"author":1,"featured_media":180810,"comment_status":"closed","ping_status":"closed","sticky":false,"template":"","format":"standard","meta":{"footnotes":""},"categories":[458,459,17988],"tags":[],"class_list":["post-180809","post","type-post","status-publish","format-standard","has-post-thumbnail","","category-dunya1","category-haberler-arap-uluslararasi-politika","category-son-haberler"],"_links":{"self":[{"href":"https:\/\/archive.sana.sy\/tr\/index.php?rest_route=\/wp\/v2\/posts\/180809","targetHints":{"allow":["GET"]}}],"collection":[{"href":"https:\/\/archive.sana.sy\/tr\/index.php?rest_route=\/wp\/v2\/posts"}],"about":[{"href":"https:\/\/archive.sana.sy\/tr\/index.php?rest_route=\/wp\/v2\/types\/post"}],"author":[{"embeddable":true,"href":"https:\/\/archive.sana.sy\/tr\/index.php?rest_route=\/wp\/v2\/users\/1"}],"replies":[{"embeddable":true,"href":"https:\/\/archive.sana.sy\/tr\/index.php?rest_route=%2Fwp%2Fv2%2Fcomments&post=180809"}],"version-history":[{"count":0,"href":"https:\/\/archive.sana.sy\/tr\/index.php?rest_route=\/wp\/v2\/posts\/180809\/revisions"}],"wp:featuredmedia":[{"embeddable":true,"href":"https:\/\/archive.sana.sy\/tr\/index.php?rest_route=\/wp\/v2\/media\/180810"}],"wp:attachment":[{"href":"https:\/\/archive.sana.sy\/tr\/index.php?rest_route=%2Fwp%2Fv2%2Fmedia&parent=180809"}],"wp:term":[{"taxonomy":"category","embeddable":true,"href":"https:\/\/archive.sana.sy\/tr\/index.php?rest_route=%2Fwp%2Fv2%2Fcategories&post=180809"},{"taxonomy":"post_tag","embeddable":true,"href":"https:\/\/archive.sana.sy\/tr\/index.php?rest_route=%2Fwp%2Fv2%2Ftags&post=180809"}],"curies":[{"name":"wp","href":"https:\/\/api.w.org\/{rel}","templated":true}]}}