{"id":180815,"date":"2019-04-21T12:15:19","date_gmt":"2019-04-21T09:15:19","guid":{"rendered":"http:\/\/www.sana.sy\/tr\/?p=180815"},"modified":"2019-04-22T14:01:31","modified_gmt":"2019-04-22T11:01:31","slug":"suriyeli-sporcular-8-madalya-kazandi","status":"publish","type":"post","link":"https:\/\/archive.sana.sy\/tr\/?p=180815","title":{"rendered":"Suriyeli Sporcular 8 Madalya Kazand\u0131"},"content":{"rendered":"<p>MANAMA \u2013 Bahreyn\u2019in ba\u015fkenti Manama\u2019da bug\u00fcn faaliyetlerini tamamlayan Bat\u0131 Asya V\u00fccut Geli\u015ftirme \u015eampiyonas\u0131na kat\u0131lan Suriye tak\u0131m\u0131 gayet \u00f6nemli ba\u015far\u0131lara imza att\u0131.<\/p>\n<p>Suriye V\u00fccut Geli\u015ftirme Birli\u011fi Ba\u015fkan\u0131 Menar Heykel; Suriyeli sporcular\u0131n yar\u0131\u015fmada ba\u015far\u0131lar\u0131yla herkesin dikkatini \u00e7ektiklerini belirtti. Heykel Suriyeli sporcular\u0131n 8 madalya kazand\u0131klar\u0131n\u0131 ve \u00f6nemli merkezlerde yer ald\u0131klar\u0131n\u0131 s\u00f6yledi.<\/p>\n","protected":false},"excerpt":{"rendered":"<p>MANAMA \u2013 Bahreyn\u2019in ba\u015fkenti Manama\u2019da bug\u00fcn faaliyetlerini tamamlayan Bat\u0131 Asya V\u00fccut Geli\u015ftirme \u015eampiyonas\u0131na kat\u0131lan Suriye tak\u0131m\u0131 gayet \u00f6nemli ba\u015far\u0131lara imza att\u0131. Suriye V\u00fccut Geli\u015ftirme Birli\u011fi Ba\u015fkan\u0131 Menar Heykel; Suriyeli sporcular\u0131n yar\u0131\u015fmada ba\u015far\u0131lar\u0131yla herkesin dikkatini \u00e7ektiklerini belirtti. Heykel Suriyeli sporcular\u0131n 8 madalya kazand\u0131klar\u0131n\u0131 ve \u00f6nemli merkezlerde yer ald\u0131klar\u0131n\u0131 s\u00f6yledi.<\/p>\n","protected":false},"author":1,"featured_media":180816,"comment_status":"closed","ping_status":"closed","sticky":false,"template":"","format":"standard","meta":{"footnotes":""},"categories":[498,17988,496],"tags":[],"class_list":["post-180815","post","type-post","status-publish","format-standard","has-post-thumbnail","","category-dunya-turnuvalari","category-son-haberler","category-spor"],"_links":{"self":[{"href":"https:\/\/archive.sana.sy\/tr\/index.php?rest_route=\/wp\/v2\/posts\/180815","targetHints":{"allow":["GET"]}}],"collection":[{"href":"https:\/\/archive.sana.sy\/tr\/index.php?rest_route=\/wp\/v2\/posts"}],"about":[{"href":"https:\/\/archive.sana.sy\/tr\/index.php?rest_route=\/wp\/v2\/types\/post"}],"author":[{"embeddable":true,"href":"https:\/\/archive.sana.sy\/tr\/index.php?rest_route=\/wp\/v2\/users\/1"}],"replies":[{"embeddable":true,"href":"https:\/\/archive.sana.sy\/tr\/index.php?rest_route=%2Fwp%2Fv2%2Fcomments&post=180815"}],"version-history":[{"count":0,"href":"https:\/\/archive.sana.sy\/tr\/index.php?rest_route=\/wp\/v2\/posts\/180815\/revisions"}],"wp:featuredmedia":[{"embeddable":true,"href":"https:\/\/archive.sana.sy\/tr\/index.php?rest_route=\/wp\/v2\/media\/180816"}],"wp:attachment":[{"href":"https:\/\/archive.sana.sy\/tr\/index.php?rest_route=%2Fwp%2Fv2%2Fmedia&parent=180815"}],"wp:term":[{"taxonomy":"category","embeddable":true,"href":"https:\/\/archive.sana.sy\/tr\/index.php?rest_route=%2Fwp%2Fv2%2Fcategories&post=180815"},{"taxonomy":"post_tag","embeddable":true,"href":"https:\/\/archive.sana.sy\/tr\/index.php?rest_route=%2Fwp%2Fv2%2Ftags&post=180815"}],"curies":[{"name":"wp","href":"https:\/\/api.w.org\/{rel}","templated":true}]}}