{"id":180902,"date":"2019-04-22T14:34:41","date_gmt":"2019-04-22T11:34:41","guid":{"rendered":"http:\/\/www.sana.sy\/tr\/?p=180902"},"modified":"2019-04-23T14:02:48","modified_gmt":"2019-04-23T11:02:48","slug":"devletin-tum-suriyelileri-evlerine-iade-etme-cabalari-devam-ediyor","status":"publish","type":"post","link":"https:\/\/archive.sana.sy\/tr\/?p=180902","title":{"rendered":"Devletin T\u00fcm Suriyelileri Evlerine \u0130ade Etme \u00c7abalar\u0131 Devam Ediyor"},"content":{"rendered":"<p>HOMS \u2013 Devletin daha \u00f6nce evlerinden tehcir edilen t\u00fcm Suriyelileri g\u00fcven ve istikrar i\u00e7inde tekrar evlerine d\u00f6nmelerini sa\u011flama ama\u00e7l\u0131 yo\u011fun \u00e7abalar\u0131 neticesinde bug\u00fcn R\u00fckban Kamp\u0131ndan \u00e7ok say\u0131da aile Cley\u011fim \u0130nsani Ge\u00e7idi \u00fczerinden evlerine d\u00f6nd\u00fc.<\/p>\n<p>Devletin insani ama\u00e7l\u0131 olarak temin etti\u011fi Cley\u011fim Ge\u00e7idinde bulunan muhabir; ABD g\u00fc\u00e7leri ve onlara tabi kiral\u0131k ter\u00f6ristlerin insani yard\u0131mlar\u0131n giri\u015fini ve sivillerin \u00e7\u0131k\u0131\u015f\u0131n\u0131 engelledikleri R\u00fckban Kamp\u0131ndan y\u00fczlerce ki\u015finin bug\u00fcn kamptan \u00e7\u0131k\u0131p ge\u00e7ide ula\u015ft\u0131klar\u0131n\u0131 belirtti. Muhabir d\u00f6nen y\u00fczlerce vatanda\u015f\u0131n b\u00fcy\u00fck \u00e7o\u011funlu\u011funun kad\u0131n, \u00e7ocuk ve ya\u015fl\u0131lardan olu\u015ftu\u011funa dikkat \u00e7ekti.<\/p>\n<p>\u0130nsani ge\u00e7itte bulunan t\u0131bbi merkez ve K\u0131z\u0131lay ekiplerinin kamtan \u00e7\u0131kan vatanda\u015flara gerekli t\u00fcm yard\u0131mlar\u0131 sa\u011flad\u0131klar\u0131n\u0131 belirten muhabir; buna e\u015f zamanl\u0131 olarak y\u0131llard\u0131r k\u00f6t\u00fc insani ko\u015fullar i\u00e7inde ya\u015fayan vatanda\u015flar\u0131n resmi kay\u0131tlar\u0131n\u0131n yap\u0131ld\u0131\u011f\u0131n\u0131 ifade etti. Muhabir yard\u0131m ve resmi kay\u0131tlar\u0131n ard\u0131ndan vatanda\u015flar\u0131n Homs Valili\u011fi taraf\u0131ndan tahsis edilen ara\u00e7larla ge\u00e7ici ikamet merkezlerine aktar\u0131ld\u0131klar\u0131n\u0131 belirtti.<\/p>\n<div id='gallery-1' class='gallery galleryid-180902 gallery-columns-3 gallery-size-thumbnail'><figure class='gallery-item'>\n\t\t\t<div class='gallery-icon landscape'>\n\t\t\t\t<a href='https:\/\/archive.sana.sy\/tr\/wp-content\/uploads\/2019\/04\/001-2.jpg'><img loading=\"lazy\" decoding=\"async\" width=\"150\" height=\"89\" src=\"https:\/\/archive.sana.sy\/tr\/wp-content\/uploads\/2019\/04\/001-2-150x89.jpg\" class=\"attachment-thumbnail size-thumbnail\" alt=\"\" srcset=\"https:\/\/archive.sana.sy\/tr\/wp-content\/uploads\/2019\/04\/001-2-150x89.jpg 150w, https:\/\/archive.sana.sy\/tr\/wp-content\/uploads\/2019\/04\/001-2-300x178.jpg 300w, https:\/\/archive.sana.sy\/tr\/wp-content\/uploads\/2019\/04\/001-2-768x456.jpg 768w, https:\/\/archive.sana.sy\/tr\/wp-content\/uploads\/2019\/04\/001-2-1024x608.jpg 1024w\" sizes=\"auto, (max-width: 150px) 100vw, 150px\" \/><\/a>\n\t\t\t<\/div><\/figure><figure class='gallery-item'>\n\t\t\t<div class='gallery-icon landscape'>\n\t\t\t\t<a href='https:\/\/archive.sana.sy\/tr\/wp-content\/uploads\/2019\/04\/2-12.jpg'><img loading=\"lazy\" decoding=\"async\" width=\"150\" height=\"84\" src=\"https:\/\/archive.sana.sy\/tr\/wp-content\/uploads\/2019\/04\/2-12-150x84.jpg\" class=\"attachment-thumbnail size-thumbnail\" alt=\"\" srcset=\"https:\/\/archive.sana.sy\/tr\/wp-content\/uploads\/2019\/04\/2-12-150x84.jpg 150w, https:\/\/archive.sana.sy\/tr\/wp-content\/uploads\/2019\/04\/2-12-300x168.jpg 300w, https:\/\/archive.sana.sy\/tr\/wp-content\/uploads\/2019\/04\/2-12.jpg 660w\" sizes=\"auto, (max-width: 150px) 100vw, 150px\" \/><\/a>\n\t\t\t<\/div><\/figure><figure class='gallery-item'>\n\t\t\t<div class='gallery-icon landscape'>\n\t\t\t\t<a href='https:\/\/archive.sana.sy\/tr\/wp-content\/uploads\/2019\/04\/3-10.jpg'><img loading=\"lazy\" decoding=\"async\" width=\"150\" height=\"89\" src=\"https:\/\/archive.sana.sy\/tr\/wp-content\/uploads\/2019\/04\/3-10-150x89.jpg\" class=\"attachment-thumbnail size-thumbnail\" alt=\"\" srcset=\"https:\/\/archive.sana.sy\/tr\/wp-content\/uploads\/2019\/04\/3-10-150x89.jpg 150w, https:\/\/archive.sana.sy\/tr\/wp-content\/uploads\/2019\/04\/3-10-300x178.jpg 300w, https:\/\/archive.sana.sy\/tr\/wp-content\/uploads\/2019\/04\/3-10.jpg 660w\" sizes=\"auto, (max-width: 150px) 100vw, 150px\" \/><\/a>\n\t\t\t<\/div><\/figure>\n\t\t<\/div>\n\n","protected":false},"excerpt":{"rendered":"<p>HOMS \u2013 Devletin daha \u00f6nce evlerinden tehcir edilen t\u00fcm Suriyelileri g\u00fcven ve istikrar i\u00e7inde tekrar evlerine d\u00f6nmelerini sa\u011flama ama\u00e7l\u0131 yo\u011fun \u00e7abalar\u0131 neticesinde bug\u00fcn R\u00fckban Kamp\u0131ndan \u00e7ok say\u0131da aile Cley\u011fim \u0130nsani Ge\u00e7idi \u00fczerinden evlerine d\u00f6nd\u00fc. Devletin insani ama\u00e7l\u0131 olarak temin etti\u011fi Cley\u011fim Ge\u00e7idinde bulunan muhabir; ABD g\u00fc\u00e7leri ve onlara tabi kiral\u0131k ter\u00f6ristlerin insani yard\u0131mlar\u0131n giri\u015fini ve &hellip;<\/p>\n","protected":false},"author":1,"featured_media":180903,"comment_status":"closed","ping_status":"closed","sticky":false,"template":"","format":"standard","meta":{"footnotes":""},"categories":[596,479,17988,478],"tags":[],"class_list":["post-180902","post","type-post","status-publish","format-standard","has-post-thumbnail","","category-fotografli-raporlar","category-haberler-yerel","category-son-haberler","category-yerel"],"_links":{"self":[{"href":"https:\/\/archive.sana.sy\/tr\/index.php?rest_route=\/wp\/v2\/posts\/180902","targetHints":{"allow":["GET"]}}],"collection":[{"href":"https:\/\/archive.sana.sy\/tr\/index.php?rest_route=\/wp\/v2\/posts"}],"about":[{"href":"https:\/\/archive.sana.sy\/tr\/index.php?rest_route=\/wp\/v2\/types\/post"}],"author":[{"embeddable":true,"href":"https:\/\/archive.sana.sy\/tr\/index.php?rest_route=\/wp\/v2\/users\/1"}],"replies":[{"embeddable":true,"href":"https:\/\/archive.sana.sy\/tr\/index.php?rest_route=%2Fwp%2Fv2%2Fcomments&post=180902"}],"version-history":[{"count":0,"href":"https:\/\/archive.sana.sy\/tr\/index.php?rest_route=\/wp\/v2\/posts\/180902\/revisions"}],"wp:featuredmedia":[{"embeddable":true,"href":"https:\/\/archive.sana.sy\/tr\/index.php?rest_route=\/wp\/v2\/media\/180903"}],"wp:attachment":[{"href":"https:\/\/archive.sana.sy\/tr\/index.php?rest_route=%2Fwp%2Fv2%2Fmedia&parent=180902"}],"wp:term":[{"taxonomy":"category","embeddable":true,"href":"https:\/\/archive.sana.sy\/tr\/index.php?rest_route=%2Fwp%2Fv2%2Fcategories&post=180902"},{"taxonomy":"post_tag","embeddable":true,"href":"https:\/\/archive.sana.sy\/tr\/index.php?rest_route=%2Fwp%2Fv2%2Ftags&post=180902"}],"curies":[{"name":"wp","href":"https:\/\/api.w.org\/{rel}","templated":true}]}}