{"id":180908,"date":"2019-04-22T21:07:55","date_gmt":"2019-04-22T18:07:55","guid":{"rendered":"http:\/\/www.sana.sy\/tr\/?p=180908"},"modified":"2019-04-23T13:53:31","modified_gmt":"2019-04-23T10:53:31","slug":"nasrullah-teror-kanaliyla-suriyede-uygulayamadiklarini-ekonomik-ambargoyla-uygulamaya-calilsiyorlar","status":"publish","type":"post","link":"https:\/\/archive.sana.sy\/tr\/?p=180908","title":{"rendered":"Nasrullah: Ter\u00f6r Kanal\u0131yla Suriye&#8217;de Uygulayamad\u0131klar\u0131n\u0131 Ekonomik Ambargoyla Uygulamaya \u00c7al\u0131l\u015f\u0131yorlar"},"content":{"rendered":"<p style=\"text-align: justify\"><strong>BEYRUT \u2013 Hizbullah Genel Sekreteri Seyyid Hasan Nasrullah, Suriye d\u00fc\u015fmanlar\u0131n\u0131n d\u00fc\u015fmanca planlar\u0131n\u0131 ter\u00f6r ve askeri sald\u0131r\u0131lar kanal\u0131yla uygulamada ba\u015far\u0131s\u0131z olmalar\u0131ndan sonra tek tarafl\u0131, zor ekonomik icraatlar kanal\u0131yla uygulamaya \u00e7al\u0131\u015ft\u0131klar\u0131n\u0131 belirtti.<\/strong><\/p>\n<p style=\"text-align: justify\"><strong>Nasrullah bug\u00fcn yapt\u0131\u011f\u0131 konu\u015fmas\u0131nda: Amerika Ba\u015fkan\u0131 Donald Trump&#8217;\u0131n \u015eran, Venez\u00fcella ve Suriye&#8217;yi cezaland\u0131rmak istedi\u011fini, askeri yoldan uygulamada ba\u015far\u0131s\u0131z olduklar\u0131na, orman yasas\u0131n\u0131 izleyen Amerikan y\u00f6netiminin varl\u0131\u011f\u0131 g\u00f6lgesinde yapt\u0131r\u0131mlarla ula\u015fmak istedi\u011fini \u00f6yle ki, Trump&#8217;\u0131n ter\u00f6r uygulad\u0131\u011f\u0131n\u0131 ve binlerce insan\u0131 \u00f6ld\u00fcrd\u00fc\u011f\u00fcn\u00fc s\u00f6yleyerek uluslararas\u0131 toplum ve uluslararas\u0131 kanun ve misaklar\u0131n\u0131n nerede oldu\u011fu sorusunu y\u00f6neltti.<\/strong><\/p>\n<p style=\"text-align: justify\"><strong>D\u00fc\u015fman \u0130srail&#8217;in sava\u015f\u0131 havada lehine \u00e7evirdi\u011fi zaman\u0131n sona erdi\u011fini, kara kuvvetlerinin de sava\u015fa girmeye haz\u0131r olmad\u0131\u011f\u0131n\u0131 vurgulayan Nasrullah, s\u00f6z konusu d\u00fc\u015fman\u0131n tabiat\u0131nda kurnazl\u0131k ve ihanetin bulundu\u011funu bu y\u00fczden hesaplar\u0131m\u0131zda b\u00fct\u00fcn ihtimallerin bulunmas\u0131 gerekti\u011fini belirtti.<\/strong><\/p>\n<p style=\"text-align: justify\"><strong>Nasrullah, Filistin halk\u0131n\u0131n haklar\u0131na ba\u011fl\u0131 kalmas\u0131n\u0131n ABD&#8217;nin &#8220;y\u00fczy\u0131l\u0131n pazarl\u0131\u011f\u0131n\u0131&#8221; ve davas\u0131n\u0131 tasfiye etmeye y\u00f6\u00f6nelik t\u00fcm planlar\u0131n\u0131 ba\u015far\u0131s\u0131zl\u0131\u011fa u\u011frataca\u011f\u0131na i\u015faret etti.<\/strong><\/p>\n<p style=\"text-align: justify\"><strong>Nasrullah ayr\u0131ca, Sri Lanka&#8217;y\u0131 d\u00fcn vuran ter\u00f6r patlamalar\u0131n\u0131 da k\u0131nad\u0131.<\/strong><\/p>\n<p>\u00c7eviri: S. \u015eahhut.<\/p>\n","protected":false},"excerpt":{"rendered":"<p>BEYRUT \u2013 Hizbullah Genel Sekreteri Seyyid Hasan Nasrullah, Suriye d\u00fc\u015fmanlar\u0131n\u0131n d\u00fc\u015fmanca planlar\u0131n\u0131 ter\u00f6r ve askeri sald\u0131r\u0131lar kanal\u0131yla uygulamada ba\u015far\u0131s\u0131z olmalar\u0131ndan sonra tek tarafl\u0131, zor ekonomik icraatlar kanal\u0131yla uygulamaya \u00e7al\u0131\u015ft\u0131klar\u0131n\u0131 belirtti. Nasrullah bug\u00fcn yapt\u0131\u011f\u0131 konu\u015fmas\u0131nda: Amerika Ba\u015fkan\u0131 Donald Trump&#8217;\u0131n \u015eran, Venez\u00fcella ve Suriye&#8217;yi cezaland\u0131rmak istedi\u011fini, askeri yoldan uygulamada ba\u015far\u0131s\u0131z olduklar\u0131na, orman yasas\u0131n\u0131 izleyen Amerikan y\u00f6netiminin varl\u0131\u011f\u0131 &hellip;<\/p>\n","protected":false},"author":1,"featured_media":180909,"comment_status":"closed","ping_status":"closed","sticky":false,"template":"","format":"standard","meta":{"footnotes":""},"categories":[458,459,17988],"tags":[],"class_list":["post-180908","post","type-post","status-publish","format-standard","has-post-thumbnail","","category-dunya1","category-haberler-arap-uluslararasi-politika","category-son-haberler"],"_links":{"self":[{"href":"https:\/\/archive.sana.sy\/tr\/index.php?rest_route=\/wp\/v2\/posts\/180908","targetHints":{"allow":["GET"]}}],"collection":[{"href":"https:\/\/archive.sana.sy\/tr\/index.php?rest_route=\/wp\/v2\/posts"}],"about":[{"href":"https:\/\/archive.sana.sy\/tr\/index.php?rest_route=\/wp\/v2\/types\/post"}],"author":[{"embeddable":true,"href":"https:\/\/archive.sana.sy\/tr\/index.php?rest_route=\/wp\/v2\/users\/1"}],"replies":[{"embeddable":true,"href":"https:\/\/archive.sana.sy\/tr\/index.php?rest_route=%2Fwp%2Fv2%2Fcomments&post=180908"}],"version-history":[{"count":0,"href":"https:\/\/archive.sana.sy\/tr\/index.php?rest_route=\/wp\/v2\/posts\/180908\/revisions"}],"wp:featuredmedia":[{"embeddable":true,"href":"https:\/\/archive.sana.sy\/tr\/index.php?rest_route=\/wp\/v2\/media\/180909"}],"wp:attachment":[{"href":"https:\/\/archive.sana.sy\/tr\/index.php?rest_route=%2Fwp%2Fv2%2Fmedia&parent=180908"}],"wp:term":[{"taxonomy":"category","embeddable":true,"href":"https:\/\/archive.sana.sy\/tr\/index.php?rest_route=%2Fwp%2Fv2%2Fcategories&post=180908"},{"taxonomy":"post_tag","embeddable":true,"href":"https:\/\/archive.sana.sy\/tr\/index.php?rest_route=%2Fwp%2Fv2%2Ftags&post=180908"}],"curies":[{"name":"wp","href":"https:\/\/api.w.org\/{rel}","templated":true}]}}