{"id":180911,"date":"2019-04-22T21:23:14","date_gmt":"2019-04-22T18:23:14","guid":{"rendered":"http:\/\/www.sana.sy\/tr\/?p=180911"},"modified":"2019-04-23T14:04:08","modified_gmt":"2019-04-23T11:04:08","slug":"ulastirma-bakanligi-katar-havayollarina-suriye-hava-sahasini-kullanma-izni","status":"publish","type":"post","link":"https:\/\/archive.sana.sy\/tr\/?p=180911","title":{"rendered":"Ula\u015ft\u0131rma Bakanl\u0131\u011f\u0131: Katar Havayollar\u0131na Suriye Hava Sahas\u0131n\u0131 Kullanma \u0130zni"},"content":{"rendered":"<p style=\"text-align: justify\"><strong>\u015eAM &#8211; Ula\u015ft\u0131rma Bakanl\u0131\u011f\u0131, Katar Sivil Havac\u0131l\u0131k Kurumunun\u00a0 Bakanl\u0131\u011fa d\u00fcn yapt\u0131\u011f\u0131 talebi \u00fczerine, Suriye hava sahas\u0131n\u0131 ge\u00e7mek i\u00e7in Katar Hava Yollar\u0131na izin vermeyi kabul etti.<\/strong><\/p>\n<p style=\"text-align: justify\"><strong>\u00a0<\/strong><strong>Bakanl\u0131k yapt\u0131\u011f\u0131 a\u00e7\u0131klamada, onay\u0131n kar\u015f\u0131l\u0131kl\u0131l\u0131k ilkesinden geldi\u011fini, Suriye Hava Yollar\u0131n\u0131n da Katar hava sahas\u0131n\u0131 kulland\u0131\u011f\u0131n\u0131 ve sava\u015f y\u0131llar\u0131 boyunca Doha&#8217;ya u\u00e7u\u015flar\u0131n\u0131 durdurmad\u0131\u011f\u0131n\u0131 a\u00e7\u0131klad\u0131.<\/strong><\/p>\n<p style=\"text-align: justify\"><strong>Bakanl\u0131k bu ad\u0131m\u0131, \u015firketin maliyetlerini d\u00fc\u015f\u00fcrd\u00fc\u011f\u00fcn\u00fc, Suriye devletinin yabanc\u0131 para gelirlerini artt\u0131rd\u0131\u011f\u0131n\u0131 bunun mukabilinde yolcular ve hava yollar\u0131 \u015firketlerine zaman ve para tasarrufunda bulundu\u011fundan &#8220;\u00e7ok \u00f6nemli&#8221; olarak nitelendirdi. <\/strong><\/p>\n<p style=\"text-align: justify\"><strong>Bilinece\u011fi \u00fczere Suriye&#8217;ye y\u00f6nelik sava\u015f sebebiyle \u00e7ok say\u0131da havayolu \u015firketi, Suriye hava sahas\u0131n\u0131 kullanmaktan vaz ge\u00e7mi\u015f bundan dolay\u0131 b\u00fcy\u00fck maliyetler \u00f6demelerine \u00e7\u00fcnk\u00fc, Suriye etraf\u0131nda dola\u015fmak yakla\u015f\u0131k bir bu\u00e7uk saatlik u\u00e7u\u015f anlam\u0131na geliyordu.<\/strong><\/p>\n<p>\u00c7eviri: S. \u015eahhut.<\/p>\n","protected":false},"excerpt":{"rendered":"<p>\u015eAM &#8211; Ula\u015ft\u0131rma Bakanl\u0131\u011f\u0131, Katar Sivil Havac\u0131l\u0131k Kurumunun\u00a0 Bakanl\u0131\u011fa d\u00fcn yapt\u0131\u011f\u0131 talebi \u00fczerine, Suriye hava sahas\u0131n\u0131 ge\u00e7mek i\u00e7in Katar Hava Yollar\u0131na izin vermeyi kabul etti. \u00a0Bakanl\u0131k yapt\u0131\u011f\u0131 a\u00e7\u0131klamada, onay\u0131n kar\u015f\u0131l\u0131kl\u0131l\u0131k ilkesinden geldi\u011fini, Suriye Hava Yollar\u0131n\u0131n da Katar hava sahas\u0131n\u0131 kulland\u0131\u011f\u0131n\u0131 ve sava\u015f y\u0131llar\u0131 boyunca Doha&#8217;ya u\u00e7u\u015flar\u0131n\u0131 durdurmad\u0131\u011f\u0131n\u0131 a\u00e7\u0131klad\u0131. Bakanl\u0131k bu ad\u0131m\u0131, \u015firketin maliyetlerini d\u00fc\u015f\u00fcrd\u00fc\u011f\u00fcn\u00fc, Suriye &hellip;<\/p>\n","protected":false},"author":1,"featured_media":180912,"comment_status":"closed","ping_status":"closed","sticky":false,"template":"","format":"standard","meta":{"footnotes":""},"categories":[485,486,17988],"tags":[],"class_list":["post-180911","post","type-post","status-publish","format-standard","has-post-thumbnail","","category-is-ve-sermaye","category-haberler-is-ve-sermaye","category-son-haberler"],"_links":{"self":[{"href":"https:\/\/archive.sana.sy\/tr\/index.php?rest_route=\/wp\/v2\/posts\/180911","targetHints":{"allow":["GET"]}}],"collection":[{"href":"https:\/\/archive.sana.sy\/tr\/index.php?rest_route=\/wp\/v2\/posts"}],"about":[{"href":"https:\/\/archive.sana.sy\/tr\/index.php?rest_route=\/wp\/v2\/types\/post"}],"author":[{"embeddable":true,"href":"https:\/\/archive.sana.sy\/tr\/index.php?rest_route=\/wp\/v2\/users\/1"}],"replies":[{"embeddable":true,"href":"https:\/\/archive.sana.sy\/tr\/index.php?rest_route=%2Fwp%2Fv2%2Fcomments&post=180911"}],"version-history":[{"count":0,"href":"https:\/\/archive.sana.sy\/tr\/index.php?rest_route=\/wp\/v2\/posts\/180911\/revisions"}],"wp:featuredmedia":[{"embeddable":true,"href":"https:\/\/archive.sana.sy\/tr\/index.php?rest_route=\/wp\/v2\/media\/180912"}],"wp:attachment":[{"href":"https:\/\/archive.sana.sy\/tr\/index.php?rest_route=%2Fwp%2Fv2%2Fmedia&parent=180911"}],"wp:term":[{"taxonomy":"category","embeddable":true,"href":"https:\/\/archive.sana.sy\/tr\/index.php?rest_route=%2Fwp%2Fv2%2Fcategories&post=180911"},{"taxonomy":"post_tag","embeddable":true,"href":"https:\/\/archive.sana.sy\/tr\/index.php?rest_route=%2Fwp%2Fv2%2Ftags&post=180911"}],"curies":[{"name":"wp","href":"https:\/\/api.w.org\/{rel}","templated":true}]}}