{"id":180933,"date":"2019-04-23T14:59:51","date_gmt":"2019-04-23T11:59:51","guid":{"rendered":"http:\/\/www.sana.sy\/tr\/?p=180933"},"modified":"2019-04-24T13:36:39","modified_gmt":"2019-04-24T10:36:39","slug":"yeni-kurulun-merkezi-haseke-olacak","status":"publish","type":"post","link":"https:\/\/archive.sana.sy\/tr\/?p=180933","title":{"rendered":"Yeni Kurumun Merkezi Haseke&#8217;de Olacak"},"content":{"rendered":"<p>\u015eAM \u2013 Cumhurba\u015fkan\u0131 Be\u015f\u015far el Esad bug\u00fcn Suriye Tah\u0131l \u00dcretim Depolama ve Ticaret Kurumu ad\u0131 alt\u0131nda ekonomik yap\u0131ya sahip bir kamu kurumunun kurulmas\u0131n\u0131 \u00f6ng\u00f6ren 2019\/11 say\u0131l\u0131 kanunnameyi onaylad\u0131.<\/p>\n<p>Kanunname gere\u011fince mali ve idari ba\u011f\u0131ms\u0131z t\u00fczel bir yap\u0131ya sahip yeni kurumun merkezi Haseke Kentinde olup di\u011fer illerde \u015fubeleri olacak.<\/p>\n<p>Kanunname Halk Meclisinin 19-03-2019 tarihli oturumunda milletvekilleri taraf\u0131ndan tart\u0131\u015f\u0131l\u0131p onaylanmas\u0131 ard\u0131ndan anayasa gere\u011fince onaylanmas\u0131 i\u00e7in cumhurba\u015fkanl\u0131\u011f\u0131na sevk edilmi\u015fti.<\/p>\n","protected":false},"excerpt":{"rendered":"<p>\u015eAM \u2013 Cumhurba\u015fkan\u0131 Be\u015f\u015far el Esad bug\u00fcn Suriye Tah\u0131l \u00dcretim Depolama ve Ticaret Kurumu ad\u0131 alt\u0131nda ekonomik yap\u0131ya sahip bir kamu kurumunun kurulmas\u0131n\u0131 \u00f6ng\u00f6ren 2019\/11 say\u0131l\u0131 kanunnameyi onaylad\u0131. Kanunname gere\u011fince mali ve idari ba\u011f\u0131ms\u0131z t\u00fczel bir yap\u0131ya sahip yeni kurumun merkezi Haseke Kentinde olup di\u011fer illerde \u015fubeleri olacak. Kanunname Halk Meclisinin 19-03-2019 tarihli oturumunda milletvekilleri &hellip;<\/p>\n","protected":false},"author":1,"featured_media":180935,"comment_status":"closed","ping_status":"closed","sticky":false,"template":"","format":"standard","meta":{"footnotes":""},"categories":[485,486,479,605,17988,612,599,478],"tags":[],"class_list":["post-180933","post","type-post","status-publish","format-standard","has-post-thumbnail","","category-is-ve-sermaye","category-haberler-is-ve-sermaye","category-haberler-yerel","category-sayin-cumhurbaskani","category-son-haberler","category-yasama-kararnameler","category-yasama-ve-kanunlar","category-yerel"],"_links":{"self":[{"href":"https:\/\/archive.sana.sy\/tr\/index.php?rest_route=\/wp\/v2\/posts\/180933","targetHints":{"allow":["GET"]}}],"collection":[{"href":"https:\/\/archive.sana.sy\/tr\/index.php?rest_route=\/wp\/v2\/posts"}],"about":[{"href":"https:\/\/archive.sana.sy\/tr\/index.php?rest_route=\/wp\/v2\/types\/post"}],"author":[{"embeddable":true,"href":"https:\/\/archive.sana.sy\/tr\/index.php?rest_route=\/wp\/v2\/users\/1"}],"replies":[{"embeddable":true,"href":"https:\/\/archive.sana.sy\/tr\/index.php?rest_route=%2Fwp%2Fv2%2Fcomments&post=180933"}],"version-history":[{"count":0,"href":"https:\/\/archive.sana.sy\/tr\/index.php?rest_route=\/wp\/v2\/posts\/180933\/revisions"}],"wp:featuredmedia":[{"embeddable":true,"href":"https:\/\/archive.sana.sy\/tr\/index.php?rest_route=\/wp\/v2\/media\/180935"}],"wp:attachment":[{"href":"https:\/\/archive.sana.sy\/tr\/index.php?rest_route=%2Fwp%2Fv2%2Fmedia&parent=180933"}],"wp:term":[{"taxonomy":"category","embeddable":true,"href":"https:\/\/archive.sana.sy\/tr\/index.php?rest_route=%2Fwp%2Fv2%2Fcategories&post=180933"},{"taxonomy":"post_tag","embeddable":true,"href":"https:\/\/archive.sana.sy\/tr\/index.php?rest_route=%2Fwp%2Fv2%2Ftags&post=180933"}],"curies":[{"name":"wp","href":"https:\/\/api.w.org\/{rel}","templated":true}]}}