{"id":180939,"date":"2019-04-23T16:34:59","date_gmt":"2019-04-23T13:34:59","guid":{"rendered":"http:\/\/www.sana.sy\/tr\/?p=180939"},"modified":"2019-04-24T13:36:35","modified_gmt":"2019-04-24T10:36:35","slug":"bulgar-heyet-temaslarda-bulundu","status":"publish","type":"post","link":"https:\/\/archive.sana.sy\/tr\/?p=180939","title":{"rendered":"Bulgar Heyet Temaslarda Bulundu"},"content":{"rendered":"<p>\u015eAM \u2013 Bulgaristan Ticaret Odas\u0131ndan bir heyet Suriye ve Bulgaristan aras\u0131nda muhtelif alanlarda ili\u015fkileri geli\u015ftirme ama\u00e7l\u0131 bulundu\u011fu i\u015f ziyaretinde bug\u00fcn \u015eam Ticaret Odas\u0131nda temaslarda bulundu.<\/p>\n<p>\u015eam Ticaret Odas\u0131 Ba\u015fkan\u0131 Muhammed Gassan Kalla Suriye ve Bulgaristan aras\u0131ndaki ticari ve ekonomik ili\u015fkileri peki\u015ftirme \u00f6nemi a\u00e7\u0131s\u0131ndan \u00f6nemli g\u00f6r\u00fc\u015fmelerin yap\u0131ld\u0131\u011f\u0131n\u0131 s\u00f6yledi.<\/p>\n<p>Kalla iki \u00fclke i\u015fadamlar\u0131 aras\u0131nda ticari, yat\u0131r\u0131m ve ekonomi ortak \u00e7al\u0131\u015fmalar\u0131n\u0131 peki\u015ftirme \u00e7a\u011fr\u0131s\u0131nda bulundu.<\/p>\n<p>Konuk Bulgar heyet \u00fcyeleri ise iki \u00fclke aras\u0131nda muhtelif alanlarda ili\u015fkilerin peki\u015ftirilmesi amac\u0131yla Suriye Bulgaristan \u0130\u015f Konseyinin kurulmas\u0131 \u00f6neminin alt\u0131n\u0131 \u00e7izerken iki \u00fclkede mevcut olanaklar\u0131n de\u011ferlendirilmesi \u00e7a\u011fr\u0131s\u0131nda bulundular.<\/p>\n","protected":false},"excerpt":{"rendered":"<p>\u015eAM \u2013 Bulgaristan Ticaret Odas\u0131ndan bir heyet Suriye ve Bulgaristan aras\u0131nda muhtelif alanlarda ili\u015fkileri geli\u015ftirme ama\u00e7l\u0131 bulundu\u011fu i\u015f ziyaretinde bug\u00fcn \u015eam Ticaret Odas\u0131nda temaslarda bulundu. \u015eam Ticaret Odas\u0131 Ba\u015fkan\u0131 Muhammed Gassan Kalla Suriye ve Bulgaristan aras\u0131ndaki ticari ve ekonomik ili\u015fkileri peki\u015ftirme \u00f6nemi a\u00e7\u0131s\u0131ndan \u00f6nemli g\u00f6r\u00fc\u015fmelerin yap\u0131ld\u0131\u011f\u0131n\u0131 s\u00f6yledi. Kalla iki \u00fclke i\u015fadamlar\u0131 aras\u0131nda ticari, yat\u0131r\u0131m ve &hellip;<\/p>\n","protected":false},"author":1,"featured_media":180940,"comment_status":"closed","ping_status":"closed","sticky":false,"template":"","format":"standard","meta":{"footnotes":""},"categories":[485,479,486,17988,478],"tags":[],"class_list":["post-180939","post","type-post","status-publish","format-standard","has-post-thumbnail","","category-is-ve-sermaye","category-haberler-yerel","category-haberler-is-ve-sermaye","category-son-haberler","category-yerel"],"_links":{"self":[{"href":"https:\/\/archive.sana.sy\/tr\/index.php?rest_route=\/wp\/v2\/posts\/180939","targetHints":{"allow":["GET"]}}],"collection":[{"href":"https:\/\/archive.sana.sy\/tr\/index.php?rest_route=\/wp\/v2\/posts"}],"about":[{"href":"https:\/\/archive.sana.sy\/tr\/index.php?rest_route=\/wp\/v2\/types\/post"}],"author":[{"embeddable":true,"href":"https:\/\/archive.sana.sy\/tr\/index.php?rest_route=\/wp\/v2\/users\/1"}],"replies":[{"embeddable":true,"href":"https:\/\/archive.sana.sy\/tr\/index.php?rest_route=%2Fwp%2Fv2%2Fcomments&post=180939"}],"version-history":[{"count":0,"href":"https:\/\/archive.sana.sy\/tr\/index.php?rest_route=\/wp\/v2\/posts\/180939\/revisions"}],"wp:featuredmedia":[{"embeddable":true,"href":"https:\/\/archive.sana.sy\/tr\/index.php?rest_route=\/wp\/v2\/media\/180940"}],"wp:attachment":[{"href":"https:\/\/archive.sana.sy\/tr\/index.php?rest_route=%2Fwp%2Fv2%2Fmedia&parent=180939"}],"wp:term":[{"taxonomy":"category","embeddable":true,"href":"https:\/\/archive.sana.sy\/tr\/index.php?rest_route=%2Fwp%2Fv2%2Fcategories&post=180939"},{"taxonomy":"post_tag","embeddable":true,"href":"https:\/\/archive.sana.sy\/tr\/index.php?rest_route=%2Fwp%2Fv2%2Ftags&post=180939"}],"curies":[{"name":"wp","href":"https:\/\/api.w.org\/{rel}","templated":true}]}}