{"id":180942,"date":"2019-04-23T16:40:34","date_gmt":"2019-04-23T13:40:34","guid":{"rendered":"http:\/\/www.sana.sy\/tr\/?p=180942"},"modified":"2019-04-24T13:36:32","modified_gmt":"2019-04-24T10:36:32","slug":"ajandada-33-fuar-bulunuyor","status":"publish","type":"post","link":"https:\/\/archive.sana.sy\/tr\/?p=180942","title":{"rendered":"Ajandada 33 Fuar Bulunuyor"},"content":{"rendered":"<p>\u015eAM \u2013 Uluslararas\u0131 Pazarlar ve Fuarlar Kurumu Genel M\u00fcd\u00fcr\u00fc Gassan Fakiyani kurumun 2019 ajandas\u0131nda 33 fuar\u0131n bulundu\u011funu a\u00e7\u0131klad\u0131. <a href=\"http:\/\/www.sana.sy\/tr\/wp-content\/uploads\/2019\/04\/2-13.jpg\"><img loading=\"lazy\" decoding=\"async\" class=\"alignright wp-image-180944 \" src=\"http:\/\/www.sana.sy\/tr\/wp-content\/uploads\/2019\/04\/2-13-225x300.jpg\" alt=\"\" width=\"189\" height=\"252\" srcset=\"https:\/\/archive.sana.sy\/tr\/wp-content\/uploads\/2019\/04\/2-13-225x300.jpg 225w, https:\/\/archive.sana.sy\/tr\/wp-content\/uploads\/2019\/04\/2-13-113x150.jpg 113w, https:\/\/archive.sana.sy\/tr\/wp-content\/uploads\/2019\/04\/2-13.jpg 660w\" sizes=\"auto, (max-width: 189px) 100vw, 189px\" \/><\/a><\/p>\n<p>Fakiyani SANA muhabirine yapt\u0131\u011f\u0131 a\u00e7\u0131klamada; kurumun bu y\u0131l ki faaliyetlerinin yo\u011fun oldu\u011funa dikkat \u00e7ekerken; farkl\u0131 alanlarda 33 fuar organize etmeyi planlad\u0131\u011f\u0131n\u0131 belirtti.<\/p>\n<p>Kurumun \u00f6n\u00fcm\u00fczdeki y\u0131l faaliyetlerinde de ciddi bir hareketlilik beklendi\u011fini ifade eden Fakiyani; \u015fu ana dek 2020 y\u0131l\u0131nda d\u00fczenlenmek \u00fczere 32 fuar i\u00e7in gerekli onay\u0131 verdi\u011fini a\u00e7\u0131klad\u0131.<\/p>\n<p>Fakiyani Suriye&#8217;de d\u00fczenlenmesi beklenen fuarlar\u0131n tekstil, g\u0131da, m\u00fchendislik, teknoloji ve daha ba\u015fka bir\u00e7ok alan\u0131 kapsad\u0131\u011f\u0131n\u0131 belirtirken; fuarlara kat\u0131l\u0131m ba\u015fvurular\u0131n\u0131n gayet yo\u011fun oldu\u011funu s\u00f6yledi.<\/p>\n","protected":false},"excerpt":{"rendered":"<p>\u015eAM \u2013 Uluslararas\u0131 Pazarlar ve Fuarlar Kurumu Genel M\u00fcd\u00fcr\u00fc Gassan Fakiyani kurumun 2019 ajandas\u0131nda 33 fuar\u0131n bulundu\u011funu a\u00e7\u0131klad\u0131. Fakiyani SANA muhabirine yapt\u0131\u011f\u0131 a\u00e7\u0131klamada; kurumun bu y\u0131l ki faaliyetlerinin yo\u011fun oldu\u011funa dikkat \u00e7ekerken; farkl\u0131 alanlarda 33 fuar organize etmeyi planlad\u0131\u011f\u0131n\u0131 belirtti. Kurumun \u00f6n\u00fcm\u00fczdeki y\u0131l faaliyetlerinde de ciddi bir hareketlilik beklendi\u011fini ifade eden Fakiyani; \u015fu ana dek &hellip;<\/p>\n","protected":false},"author":1,"featured_media":180943,"comment_status":"closed","ping_status":"closed","sticky":false,"template":"","format":"standard","meta":{"footnotes":""},"categories":[485,479,486,17988,478],"tags":[],"class_list":["post-180942","post","type-post","status-publish","format-standard","has-post-thumbnail","","category-is-ve-sermaye","category-haberler-yerel","category-haberler-is-ve-sermaye","category-son-haberler","category-yerel"],"_links":{"self":[{"href":"https:\/\/archive.sana.sy\/tr\/index.php?rest_route=\/wp\/v2\/posts\/180942","targetHints":{"allow":["GET"]}}],"collection":[{"href":"https:\/\/archive.sana.sy\/tr\/index.php?rest_route=\/wp\/v2\/posts"}],"about":[{"href":"https:\/\/archive.sana.sy\/tr\/index.php?rest_route=\/wp\/v2\/types\/post"}],"author":[{"embeddable":true,"href":"https:\/\/archive.sana.sy\/tr\/index.php?rest_route=\/wp\/v2\/users\/1"}],"replies":[{"embeddable":true,"href":"https:\/\/archive.sana.sy\/tr\/index.php?rest_route=%2Fwp%2Fv2%2Fcomments&post=180942"}],"version-history":[{"count":0,"href":"https:\/\/archive.sana.sy\/tr\/index.php?rest_route=\/wp\/v2\/posts\/180942\/revisions"}],"wp:featuredmedia":[{"embeddable":true,"href":"https:\/\/archive.sana.sy\/tr\/index.php?rest_route=\/wp\/v2\/media\/180943"}],"wp:attachment":[{"href":"https:\/\/archive.sana.sy\/tr\/index.php?rest_route=%2Fwp%2Fv2%2Fmedia&parent=180942"}],"wp:term":[{"taxonomy":"category","embeddable":true,"href":"https:\/\/archive.sana.sy\/tr\/index.php?rest_route=%2Fwp%2Fv2%2Fcategories&post=180942"},{"taxonomy":"post_tag","embeddable":true,"href":"https:\/\/archive.sana.sy\/tr\/index.php?rest_route=%2Fwp%2Fv2%2Ftags&post=180942"}],"curies":[{"name":"wp","href":"https:\/\/api.w.org\/{rel}","templated":true}]}}