{"id":180946,"date":"2019-04-23T21:40:37","date_gmt":"2019-04-23T18:40:37","guid":{"rendered":"http:\/\/sana.sy\/tr\/?p=180946"},"modified":"2019-04-24T13:18:09","modified_gmt":"2019-04-24T10:18:09","slug":"bakanlar-kurulu-vatandaslarin-petrol-urunlerini-temin-etmede-her-cabayi-sarfedecegiz","status":"publish","type":"post","link":"https:\/\/archive.sana.sy\/tr\/?p=180946","title":{"rendered":"Bakanlar Kurulu: Vatanda\u015flar\u0131n Petrol \u00dcr\u00fcnlerini Temin Etmede Her \u00c7abay\u0131 Sarfedece\u011fiz"},"content":{"rendered":"<p style=\"text-align: justify\"><strong>\u015eAM \u2013 Bakanlar Kurulu petrol \u00fcr\u00fcnlerinde yerli \u00fcretimin seviyesini y\u00fckseltmek, mobil istasyonlar ve durdurulan istasyonlar\u0131n yeniden \u00e7al\u0131\u015ft\u0131r\u0131lmas\u0131 yoluyla do\u011frudan m\u00fcdahale ve da\u011f\u0131t\u0131m i\u00e7in yeni \u00e7\u0131k\u0131\u015f yollar\u0131n\u0131n a\u00e7\u0131lmas\u0131 i\u00e7in ge\u00e7en d\u00f6nemde al\u0131nan \u00f6nlemleri ele ald\u0131.<\/strong><\/p>\n<p style=\"text-align: justify\"><a href=\"http:\/\/sana.sy\/tr\/wp-content\/uploads\/2019\/04\/13-3.jpg\"><img loading=\"lazy\" decoding=\"async\" class=\"alignleft size-medium wp-image-180948\" src=\"http:\/\/sana.sy\/tr\/wp-content\/uploads\/2019\/04\/13-3-300x168.jpg\" alt=\"\" width=\"300\" height=\"168\" srcset=\"https:\/\/archive.sana.sy\/tr\/wp-content\/uploads\/2019\/04\/13-3-300x168.jpg 300w, https:\/\/archive.sana.sy\/tr\/wp-content\/uploads\/2019\/04\/13-3-150x84.jpg 150w, https:\/\/archive.sana.sy\/tr\/wp-content\/uploads\/2019\/04\/13-3.jpg 660w\" sizes=\"auto, (max-width: 300px) 100vw, 300px\" \/><\/a><strong>Bakanlar Kurulu, Suriye halk\u0131na dayat\u0131lan tek tarafl\u0131 ve zorlay\u0131c\u0131 ekonomik \u00f6nlemlerin g\u00f6lgesinde ithalat durumunu da ele ald\u0131. Kabine, t\u00fcm bile\u015fenleriyle petrol yan \u00fcr\u00fcnlerinin saat boyu izlendi\u011fini, bu sekt\u00f6r\u00fcn daha \u00f6nceki durumuna getirilmesi ve vatanda\u015flar\u0131n bu maddelerden ihtiya\u00e7lar\u0131n\u0131 kar\u015f\u0131lamak i\u00e7in ellerinden gelen her \u00e7abay\u0131 sarf edeceklerini s\u00f6yledi.<\/strong><\/p>\n<p style=\"text-align: justify\"><strong>Halihaz\u0131rdaki \u015fartlar\u0131n dayatt\u0131\u011f\u0131 kalabal\u0131\u011f\u0131 hafifletmek ve i\u00e7 ula\u015f\u0131m sitemini peki\u015ftirmek i\u00e7in Ba\u015fbakan \u0130mad Hamis ba\u015fkanl\u0131\u011f\u0131nda d\u00fczenlenen bug\u00fcnk\u00fc oturumda kabine, i\u00e7 ula\u015f\u0131m otob\u00fcslerinin ithali i\u00e7in imzalanan s\u00f6zle\u015fmelerin acilen uygulanmas\u0131, duran otob\u00fcslerin ar\u0131zlar\u0131n\u0131n giderilmesi ve \u015fof\u00f6r olarak vatani hizmetlerini yerine getirenlerden yararlan\u0131lmas\u0131 i\u00e7in Yerel \u0130dare, \u00c7evre, ve Sosyal \u0130\u015fler Bakanl\u0131klar\u0131 aras\u0131nda koordinasyon kurulmas\u0131 gere\u011fini ifade etti.<\/strong><strong>\u00a0<\/strong><\/p>\n<p style=\"text-align: justify\"><span style=\"color: #0000ff\"><strong>Ula\u015ft\u0131rma Bakan\u0131: Tartus Liman\u0131n\u0131n Yat\u0131r\u0131m\u0131 \u00dclke Ekonomisine B\u00fcy\u00fck Kazan\u00e7 Sa\u011flayacak<\/strong><strong>\u00a0<\/strong><\/span><\/p>\n<p style=\"text-align: justify\"><strong>Ula\u015ft\u0131rma Bakan\u0131 Ali Hammud, Tartus Liman\u0131 yat\u0131r\u0131m\u0131 hakk\u0131nda yapt\u0131\u011f\u0131 a\u00e7\u0131klamada, liman r\u0131ht\u0131mlar\u0131n\u0131n derrinliklerinin 4 ila 13 metre aras\u0131nda oldu\u011funu, bir gemi a\u011f\u0131rl\u0131\u011f\u0131 olan 30 ila 35 bin ton a\u011f\u0131rl\u0131\u011f\u0131ndan fazla a\u011f\u0131rl\u0131klar\u0131 kald\u0131ramayaca\u011f\u0131n\u0131 dolay\u0131s\u0131yla 100 bin tona varan gemileri kar\u015f\u0131layacak b\u00fcy\u00fck derinliklerde yeni r\u0131ht\u0131mlar\u0131n temin edilmesi gerekti\u011fini bunun da b\u00fcy\u00fck mebla\u011flar\u0131 gerektirdi\u011fini s\u00f6yledi.<\/strong><\/p>\n<p style=\"text-align: justify\"><strong>\u00a0<\/strong><\/p>\n<p style=\"text-align: justify\"><strong>Ula\u015ft\u0131rma Bakan\u0131, Tartus Liman\u0131n\u0131n geni\u015fletilmesi i\u00e7in bir Rus \u015eirketine ba\u015fvuruldu\u011funu ve bu operasyon i\u00e7in 500 milyon dolar ayr\u0131ld\u0131\u011f\u0131n\u0131 belirterek, \u015firketle anla\u015fma gere\u011fince liman i\u015f\u00e7ilerinin tamam\u0131n\u0131n i\u015flerinde kalmas\u0131 \u00fczerinde ittifaka var\u0131ld\u0131\u011f\u0131n\u0131 ifade etti.<\/strong><\/p>\n<p>\u00c7eviri: S. \u015eahhut.<\/p>\n","protected":false},"excerpt":{"rendered":"<p>\u015eAM \u2013 Bakanlar Kurulu petrol \u00fcr\u00fcnlerinde yerli \u00fcretimin seviyesini y\u00fckseltmek, mobil istasyonlar ve durdurulan istasyonlar\u0131n yeniden \u00e7al\u0131\u015ft\u0131r\u0131lmas\u0131 yoluyla do\u011frudan m\u00fcdahale ve da\u011f\u0131t\u0131m i\u00e7in yeni \u00e7\u0131k\u0131\u015f yollar\u0131n\u0131n a\u00e7\u0131lmas\u0131 i\u00e7in ge\u00e7en d\u00f6nemde al\u0131nan \u00f6nlemleri ele ald\u0131. Bakanlar Kurulu, Suriye halk\u0131na dayat\u0131lan tek tarafl\u0131 ve zorlay\u0131c\u0131 ekonomik \u00f6nlemlerin g\u00f6lgesinde ithalat durumunu da ele ald\u0131. Kabine, t\u00fcm bile\u015fenleriyle petrol &hellip;<\/p>\n","protected":false},"author":1,"featured_media":180947,"comment_status":"closed","ping_status":"closed","sticky":false,"template":"","format":"standard","meta":{"footnotes":""},"categories":[479,17988,478],"tags":[],"class_list":["post-180946","post","type-post","status-publish","format-standard","has-post-thumbnail","","category-haberler-yerel","category-son-haberler","category-yerel"],"_links":{"self":[{"href":"https:\/\/archive.sana.sy\/tr\/index.php?rest_route=\/wp\/v2\/posts\/180946","targetHints":{"allow":["GET"]}}],"collection":[{"href":"https:\/\/archive.sana.sy\/tr\/index.php?rest_route=\/wp\/v2\/posts"}],"about":[{"href":"https:\/\/archive.sana.sy\/tr\/index.php?rest_route=\/wp\/v2\/types\/post"}],"author":[{"embeddable":true,"href":"https:\/\/archive.sana.sy\/tr\/index.php?rest_route=\/wp\/v2\/users\/1"}],"replies":[{"embeddable":true,"href":"https:\/\/archive.sana.sy\/tr\/index.php?rest_route=%2Fwp%2Fv2%2Fcomments&post=180946"}],"version-history":[{"count":0,"href":"https:\/\/archive.sana.sy\/tr\/index.php?rest_route=\/wp\/v2\/posts\/180946\/revisions"}],"wp:featuredmedia":[{"embeddable":true,"href":"https:\/\/archive.sana.sy\/tr\/index.php?rest_route=\/wp\/v2\/media\/180947"}],"wp:attachment":[{"href":"https:\/\/archive.sana.sy\/tr\/index.php?rest_route=%2Fwp%2Fv2%2Fmedia&parent=180946"}],"wp:term":[{"taxonomy":"category","embeddable":true,"href":"https:\/\/archive.sana.sy\/tr\/index.php?rest_route=%2Fwp%2Fv2%2Fcategories&post=180946"},{"taxonomy":"post_tag","embeddable":true,"href":"https:\/\/archive.sana.sy\/tr\/index.php?rest_route=%2Fwp%2Fv2%2Ftags&post=180946"}],"curies":[{"name":"wp","href":"https:\/\/api.w.org\/{rel}","templated":true}]}}