{"id":180963,"date":"2019-04-24T13:30:00","date_gmt":"2019-04-24T10:30:00","guid":{"rendered":"http:\/\/www.sana.sy\/tr\/?p=180963"},"modified":"2019-04-24T13:53:39","modified_gmt":"2019-04-24T10:53:39","slug":"uluslararasi-moskova-guvenlik-konferansi-basladi","status":"publish","type":"post","link":"https:\/\/archive.sana.sy\/tr\/?p=180963","title":{"rendered":"Uluslararas\u0131 Moskova G\u00fcvenlik Konferans\u0131 Ba\u015flad\u0131"},"content":{"rendered":"<p>MOSKOVA \u2013 Uluslararas\u0131 Moskova G\u00fcvenlik Konferans\u0131 bug\u00fcn Moskova&#8217;da \u00e7al\u0131\u015fmalar\u0131na ba\u015flarken Rusya Savunma Bakan\u0131 Sergei Shoygu ve D\u0131\u015fi\u015fleri Bakan\u0131 Sergey Lavrov a\u00e7\u0131l\u0131\u015f toplant\u0131s\u0131nda birer konu\u015fma yapt\u0131lar.<\/p>\n<p><span style=\"color: #0000ff\">Shoygu: ABD Bunu Engelliyor<\/span><\/p>\n<p>Savunma Bakan\u0131 Shoygu ABD\u2019nin Tenf B\u00f6lgesinde bulunan R\u00fckban Kamp\u0131nda 40 bine yak\u0131n sivil insan\u0131n k\u00f6t\u00fc insani durumlardan kurtar\u0131lmalar\u0131n\u0131 reddetti\u011fini belirtti. Shoygu Rusya&#8217;n\u0131n ABD\u2019den b ir\u00e7ok kez bu kamp\u0131n bo\u015falt\u0131lmas\u0131 ve i\u00e7inde bulunan sivillerin kurtar\u0131lmas\u0131n\u0131 talep etti\u011fini, fakat ABD idaresinin bunu reddetti\u011fini vurgulad\u0131.<\/p>\n<p>Uluslararas\u0131 g\u00fcvenlik ve istikrar i\u00e7in ter\u00f6r kaynaklar\u0131 ve finans\u0131n\u0131n mutlaka kurutulmalar\u0131 gerekti\u011finin alt\u0131n\u0131 \u00e7izen Shoygu; bu y\u00f6nde uluslararas\u0131 \u00e7abalar\u0131n ciddi ve birliktelik i\u00e7inde olmalar\u0131 \u00f6nemini kaydetti.<\/p>\n<p>Shoygu Suriye&#8217;de d\u0131\u015f m\u00fcdahaleden uzak siyasi \u00e7\u00f6z\u00fcm\u00fcn sa\u011flanmas\u0131, yeniden yap\u0131lanma s\u00fcrecinin ba\u015flat\u0131lmas\u0131 ve tehcir edilen Suriyelilerin diyarlar\u0131na d\u00f6nmelerini sa\u011flama \u00f6neminin alt\u0131n\u0131 \u00e7izdi.<\/p>\n<p><span style=\"color: #0000ff\">Lavrov: ABD ve M\u00fcttefikleri Kendi \u00c7\u0131karlar\u0131na G\u00f6re Yapt\u0131r\u0131mlar Dayat\u0131yor<\/span><\/p>\n<p><a href=\"http:\/\/www.sana.sy\/tr\/wp-content\/uploads\/2019\/04\/2-14.jpg\"><img loading=\"lazy\" decoding=\"async\" class=\"alignright wp-image-180964 size-medium\" src=\"http:\/\/www.sana.sy\/tr\/wp-content\/uploads\/2019\/04\/2-14-300x168.jpg\" alt=\"\" width=\"300\" height=\"168\" srcset=\"https:\/\/archive.sana.sy\/tr\/wp-content\/uploads\/2019\/04\/2-14-300x168.jpg 300w, https:\/\/archive.sana.sy\/tr\/wp-content\/uploads\/2019\/04\/2-14-150x84.jpg 150w, https:\/\/archive.sana.sy\/tr\/wp-content\/uploads\/2019\/04\/2-14.jpg 660w\" sizes=\"auto, (max-width: 300px) 100vw, 300px\" \/><\/a>Konferans a\u00e7\u0131l\u0131\u015f\u0131nda konu\u015fan Rusya D\u0131\u015fi\u015fleri Bakan\u0131 Lavrov ise ABD ve AB\u2019nin uluslararas\u0131 kanun ve kararlara a\u00e7\u0131k bir ihlalle egemen devletlerin i\u00e7i\u015flerine m\u00fcdahale etmekte olduklar\u0131n\u0131 belirtti. Lavrov ABD ve m\u00fcttefiklerinin uluslararas\u0131 kanun ve karalar\u0131 kendi \u00e7\u0131karlar\u0131 ve ajandalar\u0131na uygun \u015fekilde \u00e7arp\u0131tmaya ve de\u011fi\u015ftirmeye \u00e7al\u0131\u015ft\u0131klar\u0131n\u0131 s\u00f6yledi.<\/p>\n<p>ABD\u2019nin politikas\u0131n\u0131 kabul etmeyen devletlere kar\u015f\u0131 yapt\u0131r\u0131mlar dayatt\u0131\u011f\u0131na dikkat \u00e7eken Lavrov; bu yapt\u0131r\u0131mlarda ba\u015fka devletler ve halklar\u0131n\u0131n \u00e7\u0131karlar\u0131n\u0131n dikkate al\u0131nmad\u0131\u011f\u0131n\u0131 ifade etti.<\/p>\n<p>Rusya D\u0131\u015fi\u015fleri Bakan\u0131 Lavrov ter\u00f6r\u00fcn d\u00fcnya genelinde yay\u0131lmaya \u00e7al\u0131\u015f\u0131ld\u0131\u011f\u0131na dikkat \u00e7ekerken; bu ter\u00f6re kar\u015f\u0131 uluslararas\u0131 kanunlar ve kararlar \u00e7at\u0131s\u0131 alt\u0131nda ortak bir cephenin kurulmas\u0131 \u00f6nemini bir kez daha vurgulad\u0131.<\/p>\n","protected":false},"excerpt":{"rendered":"<p>MOSKOVA \u2013 Uluslararas\u0131 Moskova G\u00fcvenlik Konferans\u0131 bug\u00fcn Moskova&#8217;da \u00e7al\u0131\u015fmalar\u0131na ba\u015flarken Rusya Savunma Bakan\u0131 Sergei Shoygu ve D\u0131\u015fi\u015fleri Bakan\u0131 Sergey Lavrov a\u00e7\u0131l\u0131\u015f toplant\u0131s\u0131nda birer konu\u015fma yapt\u0131lar. Shoygu: ABD Bunu Engelliyor Savunma Bakan\u0131 Shoygu ABD\u2019nin Tenf B\u00f6lgesinde bulunan R\u00fckban Kamp\u0131nda 40 bine yak\u0131n sivil insan\u0131n k\u00f6t\u00fc insani durumlardan kurtar\u0131lmalar\u0131n\u0131 reddetti\u011fini belirtti. Shoygu Rusya&#8217;n\u0131n ABD\u2019den b ir\u00e7ok kez &hellip;<\/p>\n","protected":false},"author":1,"featured_media":180965,"comment_status":"closed","ping_status":"closed","sticky":false,"template":"","format":"standard","meta":{"footnotes":""},"categories":[1],"tags":[],"class_list":["post-180963","post","type-post","status-publish","format-standard","has-post-thumbnail","","category-news-not-sorted"],"_links":{"self":[{"href":"https:\/\/archive.sana.sy\/tr\/index.php?rest_route=\/wp\/v2\/posts\/180963","targetHints":{"allow":["GET"]}}],"collection":[{"href":"https:\/\/archive.sana.sy\/tr\/index.php?rest_route=\/wp\/v2\/posts"}],"about":[{"href":"https:\/\/archive.sana.sy\/tr\/index.php?rest_route=\/wp\/v2\/types\/post"}],"author":[{"embeddable":true,"href":"https:\/\/archive.sana.sy\/tr\/index.php?rest_route=\/wp\/v2\/users\/1"}],"replies":[{"embeddable":true,"href":"https:\/\/archive.sana.sy\/tr\/index.php?rest_route=%2Fwp%2Fv2%2Fcomments&post=180963"}],"version-history":[{"count":0,"href":"https:\/\/archive.sana.sy\/tr\/index.php?rest_route=\/wp\/v2\/posts\/180963\/revisions"}],"wp:featuredmedia":[{"embeddable":true,"href":"https:\/\/archive.sana.sy\/tr\/index.php?rest_route=\/wp\/v2\/media\/180965"}],"wp:attachment":[{"href":"https:\/\/archive.sana.sy\/tr\/index.php?rest_route=%2Fwp%2Fv2%2Fmedia&parent=180963"}],"wp:term":[{"taxonomy":"category","embeddable":true,"href":"https:\/\/archive.sana.sy\/tr\/index.php?rest_route=%2Fwp%2Fv2%2Fcategories&post=180963"},{"taxonomy":"post_tag","embeddable":true,"href":"https:\/\/archive.sana.sy\/tr\/index.php?rest_route=%2Fwp%2Fv2%2Ftags&post=180963"}],"curies":[{"name":"wp","href":"https:\/\/api.w.org\/{rel}","templated":true}]}}