{"id":181237,"date":"2019-04-27T14:13:55","date_gmt":"2019-04-27T11:13:55","guid":{"rendered":"http:\/\/www.sana.sy\/tr\/?p=181237"},"modified":"2019-04-28T13:16:04","modified_gmt":"2019-04-28T10:16:04","slug":"idlib-ve-hamada-nusranin-yuva-ve-araclari-imha-edildi","status":"publish","type":"post","link":"https:\/\/archive.sana.sy\/tr\/?p=181237","title":{"rendered":"\u0130dlib ve Hama\u2019da Nusra\u2019n\u0131n Yuva ve Ara\u00e7lar\u0131 \u0130mha Edildi"},"content":{"rendered":"<p>\u0130DL\u0130B \u2013 Ordu birliklerimiz \u0130dlib ve Hama k\u0131rsallar\u0131nda civardaki g\u00fcvenli sivil yerle\u015fim alanlar\u0131 ve askeri noktalara sald\u0131r\u0131lar\u0131n\u0131 s\u00fcrd\u00fcren radikal ter\u00f6ristlere kar\u015f\u0131 koyma operasyonlar\u0131n\u0131 s\u00fcrd\u00fcr\u00fcyor.<\/p>\n<p>SANA muhabiri ordu birliklerimizin bug\u00fcn \u0130dlib k\u0131rsal\u0131n\u0131n g\u00fcneydo\u011fusu Abidin Beldesi kenarlar\u0131ndan civardaki b\u00f6lgelere sald\u0131r\u0131larda bulunan Nusra Cephesinin yuva, siper ve hareketlenmelerini top ve f\u00fczelerle imha ettiklerini aktard\u0131.<\/p>\n<p>Muhabir ordu birliklerimizin dakik operasyonlar\u0131 neticesinde geneli T\u00fcrkiye s\u0131n\u0131rlar\u0131 \u00fczerinden giren yabanc\u0131 ter\u00f6ristlerden olu\u015fan radikal ter\u00f6r \u00f6rg\u00fcte ait ara\u00e7 ve yuvalar\u0131n i\u00e7lerinde bulunan ter\u00f6ristler ve silahlarla birlikte imha edildiklerini belirtti.<\/p>\n<p>Ordu birliklerimizin Hama k\u0131rsal\u0131n\u0131n kuzeyi Hasraya ve Kfarzeyta Beldeleri kenarlar\u0131nda da yine civar b\u00f6lgelere sald\u0131ran Nusra Cephesi mevkilerini yo\u011fun top ate\u015fine tuttuklar\u0131n\u0131 ifade eden muhabir; ter\u00f6ristlerin sald\u0131r\u0131lar\u0131nda kulland\u0131klar\u0131 f\u00fcze rampalar\u0131 ve havan toplar\u0131n\u0131n ter\u00f6rist ekiplerle birlikte imha edildiklerini aktard\u0131.<\/p>\n","protected":false},"excerpt":{"rendered":"<p>\u0130DL\u0130B \u2013 Ordu birliklerimiz \u0130dlib ve Hama k\u0131rsallar\u0131nda civardaki g\u00fcvenli sivil yerle\u015fim alanlar\u0131 ve askeri noktalara sald\u0131r\u0131lar\u0131n\u0131 s\u00fcrd\u00fcren radikal ter\u00f6ristlere kar\u015f\u0131 koyma operasyonlar\u0131n\u0131 s\u00fcrd\u00fcr\u00fcyor. SANA muhabiri ordu birliklerimizin bug\u00fcn \u0130dlib k\u0131rsal\u0131n\u0131n g\u00fcneydo\u011fusu Abidin Beldesi kenarlar\u0131ndan civardaki b\u00f6lgelere sald\u0131r\u0131larda bulunan Nusra Cephesinin yuva, siper ve hareketlenmelerini top ve f\u00fczelerle imha ettiklerini aktard\u0131. Muhabir ordu birliklerimizin dakik &hellip;<\/p>\n","protected":false},"author":1,"featured_media":181247,"comment_status":"closed","ping_status":"closed","sticky":false,"template":"","format":"standard","meta":{"footnotes":""},"categories":[479,575,17988,478],"tags":[],"class_list":["post-181237","post","type-post","status-publish","format-standard","has-post-thumbnail","","category-haberler-yerel","category-olaylar-ve-gercekler","category-son-haberler","category-yerel"],"_links":{"self":[{"href":"https:\/\/archive.sana.sy\/tr\/index.php?rest_route=\/wp\/v2\/posts\/181237","targetHints":{"allow":["GET"]}}],"collection":[{"href":"https:\/\/archive.sana.sy\/tr\/index.php?rest_route=\/wp\/v2\/posts"}],"about":[{"href":"https:\/\/archive.sana.sy\/tr\/index.php?rest_route=\/wp\/v2\/types\/post"}],"author":[{"embeddable":true,"href":"https:\/\/archive.sana.sy\/tr\/index.php?rest_route=\/wp\/v2\/users\/1"}],"replies":[{"embeddable":true,"href":"https:\/\/archive.sana.sy\/tr\/index.php?rest_route=%2Fwp%2Fv2%2Fcomments&post=181237"}],"version-history":[{"count":0,"href":"https:\/\/archive.sana.sy\/tr\/index.php?rest_route=\/wp\/v2\/posts\/181237\/revisions"}],"wp:featuredmedia":[{"embeddable":true,"href":"https:\/\/archive.sana.sy\/tr\/index.php?rest_route=\/wp\/v2\/media\/181247"}],"wp:attachment":[{"href":"https:\/\/archive.sana.sy\/tr\/index.php?rest_route=%2Fwp%2Fv2%2Fmedia&parent=181237"}],"wp:term":[{"taxonomy":"category","embeddable":true,"href":"https:\/\/archive.sana.sy\/tr\/index.php?rest_route=%2Fwp%2Fv2%2Fcategories&post=181237"},{"taxonomy":"post_tag","embeddable":true,"href":"https:\/\/archive.sana.sy\/tr\/index.php?rest_route=%2Fwp%2Fv2%2Ftags&post=181237"}],"curies":[{"name":"wp","href":"https:\/\/api.w.org\/{rel}","templated":true}]}}