{"id":181562,"date":"2019-04-30T22:59:14","date_gmt":"2019-04-30T19:59:14","guid":{"rendered":"http:\/\/sana.sy\/tr\/?p=181562"},"modified":"2019-05-01T15:05:46","modified_gmt":"2019-05-01T12:05:46","slug":"sam-ve-moskova-washington-el-rukban-kampini-tenefteki-kuvvetlerini-korumada-canli-kalkan-birakmaya-calisiyor","status":"publish","type":"post","link":"https:\/\/archive.sana.sy\/tr\/?p=181562","title":{"rendered":"\u015eam ve Moskova: Washington el Rukban Kamp\u0131n\u0131 Tenef&#8217;teki Kuvvetlerini Korumada Canl\u0131 Kalkan B\u0131rakmaya \u00c7al\u0131\u015f\u0131yor"},"content":{"rendered":"<p>MOSKOVA \u2013 Tehcir edilen Suriyelilerin d\u00f6n\u00fc\u015f\u00fcyle ilgili Suriye ve Rusya Koordinasyon Heyetleri, Amerika Birle\u015fik Devletlerinin Rukban kamp\u0131nda tehcir edilenleri Tenef b\u00f6lgesindeki illegal kuvvetlerinin varl\u0131\u011f\u0131na canl\u0131 kalkan olatrak kullanmay\u0131 ama\u00e7lad\u0131\u011f\u0131n\u0131 bir kez daha yineledi.<\/p>\n<p>Yay\u0131nlad\u0131klar\u0131 ortak beyanda Heyetler, sivillerin kamptan \u00e7\u0131k\u0131\u015flar\u0131n\u0131n \u00e7ok yava\u015f bir \u015fekilde y\u00fcr\u00fcd\u00fc\u011f\u00fcn\u00fc bu zamanda da ABD&#8217;nin ter\u00f6rist \u00f6rg\u00fctlere kampa giden insani yard\u0131mlardan ald\u0131klar\u0131 g\u0131da maddeleri verdi\u011fini ifade etti.<\/p>\n<p>Beyan, Suriyelilere \u00f6zen g\u00f6sterdiklerini iddia ederek Amerikal\u0131lar\u0131n Tenef b\u00f6lgesinde i\u015fgalini s\u00fcrd\u00fcrmek i\u00e7in Rukban kamp\u0131nda ya\u015fayan sivil hal\u0131 canl\u0131 kalkan olarak b\u0131rakmaya \u00e7al\u0131\u015ft\u0131\u011f\u0131na dikkat \u00e7ekerek, Amerikan taraf\u0131n\u0131n yap\u0131c\u0131 olmayan icraatlar ald\u0131\u011f\u0131n\u0131 bunun kanal\u0131yla kamp\u0131 sona erdirme niyetinde olmad\u0131\u011f\u0131n\u0131 bunun da daha fazla kurban d\u00fc\u015fmesine ve Suriyelilerin ac\u0131s\u0131n\u0131n daha fazla artmas\u0131na yol a\u00e7t\u0131\u011f\u0131n\u0131 bunun da yasal olmad\u0131\u011f\u0131n\u0131 ifade ettiler.<\/p>\n<p>Beyan, uluslararas\u0131 insani yard\u0131m \u00f6rg\u00fctlerinden gelen yard\u0131mlar plan\u0131 yap\u0131ld\u0131\u011f\u0131nda bu yard\u0131mlar\u0131n bir b\u00f6l\u00fcm\u00fcn\u00fcn daha \u00f6nce Rukban kamp\u0131nda tutuklu bulunan ve kamptan \u00e7\u0131kmay\u0131 ba\u015faran ve Homs ilinde yerle\u015fen insanlara da verilmesi gerekti\u011fine i\u015faret etti.<\/p>\n<p>Heyetler, her iki taraf Suriye ve Rusya&#8217;n\u0131n insani yard\u0131mlar\u0131n Suriyelilere yeti\u015ftirilmesini desteklediklerini belirterek, \u015feffafl\u0131k ilkesinin ancak ve ancak do\u011frudan Rukban kamp\u0131na g\u00f6t\u00fcr\u00fcl\u00fcp kamptaki insanlara verilmesi yolula olabilece\u011fini a\u00e7\u0131klad\u0131lar.<\/p>\n<p>\u00c7eviri: S. \u015eahut<\/p>\n","protected":false},"excerpt":{"rendered":"<p>MOSKOVA \u2013 Tehcir edilen Suriyelilerin d\u00f6n\u00fc\u015f\u00fcyle ilgili Suriye ve Rusya Koordinasyon Heyetleri, Amerika Birle\u015fik Devletlerinin Rukban kamp\u0131nda tehcir edilenleri Tenef b\u00f6lgesindeki illegal kuvvetlerinin varl\u0131\u011f\u0131na canl\u0131 kalkan olatrak kullanmay\u0131 ama\u00e7lad\u0131\u011f\u0131n\u0131 bir kez daha yineledi. Yay\u0131nlad\u0131klar\u0131 ortak beyanda Heyetler, sivillerin kamptan \u00e7\u0131k\u0131\u015flar\u0131n\u0131n \u00e7ok yava\u015f bir \u015fekilde y\u00fcr\u00fcd\u00fc\u011f\u00fcn\u00fc bu zamanda da ABD&#8217;nin ter\u00f6rist \u00f6rg\u00fctlere kampa giden insani yard\u0131mlardan &hellip;<\/p>\n","protected":false},"author":1,"featured_media":181563,"comment_status":"closed","ping_status":"closed","sticky":false,"template":"","format":"standard","meta":{"footnotes":""},"categories":[458,459,17988],"tags":[],"class_list":["post-181562","post","type-post","status-publish","format-standard","has-post-thumbnail","","category-dunya1","category-haberler-arap-uluslararasi-politika","category-son-haberler"],"_links":{"self":[{"href":"https:\/\/archive.sana.sy\/tr\/index.php?rest_route=\/wp\/v2\/posts\/181562","targetHints":{"allow":["GET"]}}],"collection":[{"href":"https:\/\/archive.sana.sy\/tr\/index.php?rest_route=\/wp\/v2\/posts"}],"about":[{"href":"https:\/\/archive.sana.sy\/tr\/index.php?rest_route=\/wp\/v2\/types\/post"}],"author":[{"embeddable":true,"href":"https:\/\/archive.sana.sy\/tr\/index.php?rest_route=\/wp\/v2\/users\/1"}],"replies":[{"embeddable":true,"href":"https:\/\/archive.sana.sy\/tr\/index.php?rest_route=%2Fwp%2Fv2%2Fcomments&post=181562"}],"version-history":[{"count":0,"href":"https:\/\/archive.sana.sy\/tr\/index.php?rest_route=\/wp\/v2\/posts\/181562\/revisions"}],"wp:featuredmedia":[{"embeddable":true,"href":"https:\/\/archive.sana.sy\/tr\/index.php?rest_route=\/wp\/v2\/media\/181563"}],"wp:attachment":[{"href":"https:\/\/archive.sana.sy\/tr\/index.php?rest_route=%2Fwp%2Fv2%2Fmedia&parent=181562"}],"wp:term":[{"taxonomy":"category","embeddable":true,"href":"https:\/\/archive.sana.sy\/tr\/index.php?rest_route=%2Fwp%2Fv2%2Fcategories&post=181562"},{"taxonomy":"post_tag","embeddable":true,"href":"https:\/\/archive.sana.sy\/tr\/index.php?rest_route=%2Fwp%2Fv2%2Ftags&post=181562"}],"curies":[{"name":"wp","href":"https:\/\/api.w.org\/{rel}","templated":true}]}}