{"id":181565,"date":"2019-04-30T23:01:16","date_gmt":"2019-04-30T20:01:16","guid":{"rendered":"http:\/\/sana.sy\/tr\/?p=181565"},"modified":"2019-05-01T15:05:58","modified_gmt":"2019-05-01T12:05:58","slug":"washington-terorist-beyaz-kasklari-destekledigini-bir-kez-daha-itiraf-etti","status":"publish","type":"post","link":"https:\/\/archive.sana.sy\/tr\/?p=181565","title":{"rendered":"Washington Ter\u00f6rist &#8220;Beyaz Kasklar&#8221;\u0131 Destekledi\u011fini Bir Kez Daha \u0130tiraf Etti"},"content":{"rendered":"<p>WASH\u0130NGTON \u2013 Amerika D\u0131\u015fi\u015fleri Bakanl\u0131\u011f\u0131, Washington&#8217;un Suriye&#8217;de &#8220;Nusra Cephesi&#8221; ter\u00f6r \u00f6rg\u00fct\u00fcne ba\u011fl\u0131 olan &#8220;Beyaz Kasklar&#8221; ter\u00f6rist cemaati destekledi\u011fini bir kez daha itiraf etti.<\/p>\n<p>D\u0131\u015fi\u015fleri Bakanl\u0131\u011f\u0131 Twitter hesab\u0131ndan; Bakanl\u0131ktan \u00fcst d\u00fczey yetkililerin\u00a0 ge\u00e7en hafta s\u00f6zde &#8220;insani ihtiya\u00e7lar&#8221; ad\u0131 alt\u0131nda &#8220;beyaz kasklar&#8221; cemaati liderleriyle bir araya geldiklerini belirtti.<\/p>\n<p>Bakanl\u0131k, kendilerinin beyaz kasktaki insanlar\u0131 desteklemekten onur duyduklar\u0131n\u0131 ifade etti.<\/p>\n<p>\u00c7eviri: S. \u015eahut<\/p>\n","protected":false},"excerpt":{"rendered":"<p>WASH\u0130NGTON \u2013 Amerika D\u0131\u015fi\u015fleri Bakanl\u0131\u011f\u0131, Washington&#8217;un Suriye&#8217;de &#8220;Nusra Cephesi&#8221; ter\u00f6r \u00f6rg\u00fct\u00fcne ba\u011fl\u0131 olan &#8220;Beyaz Kasklar&#8221; ter\u00f6rist cemaati destekledi\u011fini bir kez daha itiraf etti. D\u0131\u015fi\u015fleri Bakanl\u0131\u011f\u0131 Twitter hesab\u0131ndan; Bakanl\u0131ktan \u00fcst d\u00fczey yetkililerin\u00a0 ge\u00e7en hafta s\u00f6zde &#8220;insani ihtiya\u00e7lar&#8221; ad\u0131 alt\u0131nda &#8220;beyaz kasklar&#8221; cemaati liderleriyle bir araya geldiklerini belirtti. Bakanl\u0131k, kendilerinin beyaz kasktaki insanlar\u0131 desteklemekten onur duyduklar\u0131n\u0131 ifade &hellip;<\/p>\n","protected":false},"author":1,"featured_media":181566,"comment_status":"closed","ping_status":"closed","sticky":false,"template":"","format":"standard","meta":{"footnotes":""},"categories":[458,459,17988],"tags":[],"class_list":["post-181565","post","type-post","status-publish","format-standard","has-post-thumbnail","","category-dunya1","category-haberler-arap-uluslararasi-politika","category-son-haberler"],"_links":{"self":[{"href":"https:\/\/archive.sana.sy\/tr\/index.php?rest_route=\/wp\/v2\/posts\/181565","targetHints":{"allow":["GET"]}}],"collection":[{"href":"https:\/\/archive.sana.sy\/tr\/index.php?rest_route=\/wp\/v2\/posts"}],"about":[{"href":"https:\/\/archive.sana.sy\/tr\/index.php?rest_route=\/wp\/v2\/types\/post"}],"author":[{"embeddable":true,"href":"https:\/\/archive.sana.sy\/tr\/index.php?rest_route=\/wp\/v2\/users\/1"}],"replies":[{"embeddable":true,"href":"https:\/\/archive.sana.sy\/tr\/index.php?rest_route=%2Fwp%2Fv2%2Fcomments&post=181565"}],"version-history":[{"count":0,"href":"https:\/\/archive.sana.sy\/tr\/index.php?rest_route=\/wp\/v2\/posts\/181565\/revisions"}],"wp:featuredmedia":[{"embeddable":true,"href":"https:\/\/archive.sana.sy\/tr\/index.php?rest_route=\/wp\/v2\/media\/181566"}],"wp:attachment":[{"href":"https:\/\/archive.sana.sy\/tr\/index.php?rest_route=%2Fwp%2Fv2%2Fmedia&parent=181565"}],"wp:term":[{"taxonomy":"category","embeddable":true,"href":"https:\/\/archive.sana.sy\/tr\/index.php?rest_route=%2Fwp%2Fv2%2Fcategories&post=181565"},{"taxonomy":"post_tag","embeddable":true,"href":"https:\/\/archive.sana.sy\/tr\/index.php?rest_route=%2Fwp%2Fv2%2Ftags&post=181565"}],"curies":[{"name":"wp","href":"https:\/\/api.w.org\/{rel}","templated":true}]}}