{"id":18204,"date":"2014-12-16T12:01:51","date_gmt":"2014-12-16T10:01:51","guid":{"rendered":"http:\/\/www.sana.sy\/tr\/?p=18204"},"modified":"2014-12-16T12:01:51","modified_gmt":"2014-12-16T10:01:51","slug":"haseke-ili-valilik-kaynagi-sana-muhabirine-aciklamasinda-ordu-birliklerimizin-haseke-kirsalinin-el-sadik-kavsagi-bolgesi-um-el-rahaf-ciftligi-ve-meylbiye-bolgesinde-onlarca-isid-teror-orgutu-elemani","status":"publish","type":"post","link":"https:\/\/archive.sana.sy\/tr\/?p=18204","title":{"rendered":"Haseke \u0130li Valilik Kayna\u011f\u0131 SANA muhabirine a\u00e7\u0131klamas\u0131nda, Ordu birliklerimizin Haseke k\u0131rsal\u0131n\u0131n el Sadik Kav\u015fa\u011f\u0131 B\u00f6lgesi, Um el Rahaf \u00c7iftli\u011fi ve Meylbiye B\u00f6lgesinde onlarca I\u015e\u0130D ter\u00f6r \u00f6rg\u00fct\u00fc eleman\u0131n\u0131 \u00f6ld\u00fcrd\u00fc\u011f\u00fcn\u00fc, onlara ait silah dolu bir \u00e7ok ara\u00e7lar\u0131 yan\u0131 s\u0131ra Du\u00e7ka a\u011f\u0131r taramal\u0131 silahlar\u0131n monte edildi\u011fi bir ka\u00e7 ara\u00e7lar\u0131n\u0131 da imha ettiklerini s\u00f6yledi."},"content":{"rendered":"<p>Haseke \u0130li Valilik Kayna\u011f\u0131 SANA muhabirine a\u00e7\u0131klamas\u0131nda, Ordu birliklerimizin Haseke k\u0131rsal\u0131n\u0131n el Sadik Kav\u015fa\u011f\u0131 B\u00f6lgesi, Um el Rahaf \u00c7iftli\u011fi ve Meylbiye B\u00f6lgesinde onlarca I\u015e\u0130D ter\u00f6r \u00f6rg\u00fct\u00fc eleman\u0131n\u0131 \u00f6ld\u00fcrd\u00fc\u011f\u00fcn\u00fc, onlara ait silah dolu bir \u00e7ok ara\u00e7lar\u0131 yan\u0131 s\u0131ra Du\u00e7ka a\u011f\u0131r taramal\u0131 silahlar\u0131n monte edildi\u011fi bir ka\u00e7 ara\u00e7lar\u0131n\u0131 da imha ettiklerini s\u00f6yledi.<\/p>\n","protected":false},"excerpt":{"rendered":"<p>Haseke \u0130li Valilik Kayna\u011f\u0131 SANA muhabirine a\u00e7\u0131klamas\u0131nda, Ordu birliklerimizin Haseke k\u0131rsal\u0131n\u0131n el Sadik Kav\u015fa\u011f\u0131 B\u00f6lgesi, Um el Rahaf \u00c7iftli\u011fi ve Meylbiye B\u00f6lgesinde onlarca I\u015e\u0130D ter\u00f6r \u00f6rg\u00fct\u00fc eleman\u0131n\u0131 \u00f6ld\u00fcrd\u00fc\u011f\u00fcn\u00fc, onlara ait silah dolu bir \u00e7ok ara\u00e7lar\u0131 yan\u0131 s\u0131ra Du\u00e7ka a\u011f\u0131r taramal\u0131 silahlar\u0131n monte edildi\u011fi bir ka\u00e7 ara\u00e7lar\u0131n\u0131 da imha ettiklerini s\u00f6yledi.<\/p>\n","protected":false},"author":1,"featured_media":0,"comment_status":"closed","ping_status":"closed","sticky":false,"template":"","format":"standard","meta":{"footnotes":""},"categories":[1],"tags":[8182,8185,8183,8184],"class_list":["post-18204","post","type-post","status-publish","format-standard","","category-news-not-sorted","tag-haseke-ili-valilik-kaynagi-sana-muhabirine-aciklamasinda","tag-onlara-ait-silah-dolu-bir-cok-araclari-yani-sira-ducka-agir-taramali-silahlarin-monte-edildigi-bir-kac-araclarini-da-imha-ettiklerini-soyledi","tag-ordu-birliklerimizin-haseke-kirsalinin-el-sadik-kavsagi-bolgesi","tag-um-el-rahaf-ciftligi-ve-meylbiye-bolgesinde-onlarca-isid-teror-orgutu-elemanini-oldurdugunu"],"_links":{"self":[{"href":"https:\/\/archive.sana.sy\/tr\/index.php?rest_route=\/wp\/v2\/posts\/18204","targetHints":{"allow":["GET"]}}],"collection":[{"href":"https:\/\/archive.sana.sy\/tr\/index.php?rest_route=\/wp\/v2\/posts"}],"about":[{"href":"https:\/\/archive.sana.sy\/tr\/index.php?rest_route=\/wp\/v2\/types\/post"}],"author":[{"embeddable":true,"href":"https:\/\/archive.sana.sy\/tr\/index.php?rest_route=\/wp\/v2\/users\/1"}],"replies":[{"embeddable":true,"href":"https:\/\/archive.sana.sy\/tr\/index.php?rest_route=%2Fwp%2Fv2%2Fcomments&post=18204"}],"version-history":[{"count":0,"href":"https:\/\/archive.sana.sy\/tr\/index.php?rest_route=\/wp\/v2\/posts\/18204\/revisions"}],"wp:attachment":[{"href":"https:\/\/archive.sana.sy\/tr\/index.php?rest_route=%2Fwp%2Fv2%2Fmedia&parent=18204"}],"wp:term":[{"taxonomy":"category","embeddable":true,"href":"https:\/\/archive.sana.sy\/tr\/index.php?rest_route=%2Fwp%2Fv2%2Fcategories&post=18204"},{"taxonomy":"post_tag","embeddable":true,"href":"https:\/\/archive.sana.sy\/tr\/index.php?rest_route=%2Fwp%2Fv2%2Ftags&post=18204"}],"curies":[{"name":"wp","href":"https:\/\/api.w.org\/{rel}","templated":true}]}}