{"id":182408,"date":"2019-05-10T15:51:59","date_gmt":"2019-05-10T12:51:59","guid":{"rendered":"http:\/\/www.sana.sy\/tr\/?p=182408"},"modified":"2019-05-11T13:51:20","modified_gmt":"2019-05-11T10:51:20","slug":"halep-ey-gokyuzu-parcasi-um-el-zinnar-korosundan-aksam-konseri","status":"publish","type":"post","link":"https:\/\/archive.sana.sy\/tr\/?p=182408","title":{"rendered":"&#8220;Halep Ey G\u00f6ky\u00fcz\u00fc Par\u00e7as\u0131&#8221; Um el Zinnar Korosundan Ak\u015fam Konseri (V\u0130DEO)"},"content":{"rendered":"<p>HALEP \u2013 Homs ilinden gelen &#8220;Um el Zinnar&#8221; Hz Meryem Katedrali Korosu &#8220;Halep Ey G\u00f6ky\u00fcz\u00fc Par\u00e7as\u0131&#8221; ba\u015fl\u0131\u011f\u0131yla &#8220;Ramazan Geceleri&#8221; festival faaliyetleri kapsam\u0131nda bir konser verdi. Konser, eski Halep el Vezir Han&#8217;\u0131nda d\u00fczenlenmekte olup, ulusal ve muhtelif sanat e\u011filimli \u015fark\u0131lar i\u00e7erdi.<\/p>\n<p>Halep Turizm M\u00fcdiresi Naile \u015eahhud SANA muhabirine verdi\u011fi deme\u00e7te, bu ak\u015fam resitalinin el Vezir Han&#8217;\u0131nda d\u00fczenlenmesinin eski Halep kentine hayat\u0131n yeniden geldi\u011finin kan\u0131t\u0131 oldu\u011funa dikkat \u00e7ekerek, bakanl\u0131\u011f\u0131n i\u00e7 turizmi bu gibi sanatsal, k\u00fclt\u00fcrel ve turistik faaliyetlerle canland\u0131rmaya \u00e7aba g\u00f6sterdi\u011fine i\u015faret etti.<\/p>\n<p>Turizm Odas\u0131 Ba\u015fkan\u0131 Talal Had\u0131r, festivalin, de\u011fi\u015fik sanat ve k\u00fclt\u00fcrel faaliyetler yan\u0131 s\u0131ra k\u00fclt\u00fcr ve el sanatlar\u0131 \u00e7ar\u015f\u0131s\u0131 ile Halep ve Suriye&#8217;de turistik mevkilerden s\u00f6z eden &#8220;Suriye&#8217;yi Ke\u015ffet&#8221; program\u0131n\u0131 da i\u00e7erdi\u011fini s\u00f6yledi.<br \/>\nHalep&#8217;te S\u00fcryani Ortodoks Patrikli\u011fi Mutemedi Papa Peter Kassis, karde\u015flik ve sevgi \u00e7er\u00e7evesinde Suriye evlatlar\u0131n\u0131 bir araya getiren faaliyetin \u00f6nemine i\u015faret etti.<\/p>\n<p>Um el Zinnar Korosu lideri \u0130skender Ye\u015fu, Homs&#8217;tan Halep&#8217;e Feyruz, Vedi el Safi, Mulhim Bereket ve ulusal sanat\u00e7\u0131lar\u0131n g\u00fczel eserlerini Halepli sanatseverlere ta\u015f\u0131d\u0131klar\u0131n\u0131 dile getirdi.<\/p>\n<p>Halep Sanat\u00e7\u0131lar Sendikas\u0131 \u00dcyesi Gassan Dehni, festivalin el Vezir Han&#8217;\u0131nda ba\u015flamas\u0131n\u0131n Halep kenti ve ahalisinin dimdik ayakta durdu\u011funa ve sanat sahas\u0131na geri d\u00f6n\u00fc\u015f\u00fcn\u00fcn kan\u0131t\u0131 oldu\u011funu a\u00e7\u0131klad\u0131.<\/p>\n<p>D\u00fcn ak\u015fam Turizm Bakanl\u0131\u011f\u0131 ile Kuzey B\u00f6lgesi Turizm Odas\u0131 i\u015fbirli\u011fi ile ba\u015flayan ve m\u00fcbarek Ramazan ay\u0131n\u0131n sonuna kadar s\u00fcrecek olan &#8220;Ramazan Geceleri&#8221; Festivalinde muhtelif sanat, k\u00fclt\u00fcr, geleneksel ve turistik faaliyetler i\u00e7eriyor.<\/p>\n<p>\u00c7eviri: S.\u015eahut<\/p>\n<p><iframe loading=\"lazy\" title=\"(\u062d\u0644\u0628 \u064a\u0627 \u0642\u0637\u0639\u0629 \u0633\u0645\u0627).. \u0623\u0645\u0633\u064a\u0629 \u0641\u0646\u064a\u0629 \u0644\u062c\u0648\u0642\u0629 \u0623\u0645 \u0627\u0644\u0632\u0646\u0627\u0631\" width=\"618\" height=\"348\" src=\"https:\/\/www.youtube.com\/embed\/40atoWGsEeM?feature=oembed\" frameborder=\"0\" allow=\"accelerometer; autoplay; clipboard-write; encrypted-media; gyroscope; picture-in-picture; web-share\" referrerpolicy=\"strict-origin-when-cross-origin\" allowfullscreen><\/iframe><\/p>\n<div id='gallery-1' class='gallery galleryid-182408 gallery-columns-3 gallery-size-full'><figure class='gallery-item'>\n\t\t\t<div class='gallery-icon landscape'>\n\t\t\t\t<a href='https:\/\/archive.sana.sy\/tr\/wp-content\/uploads\/2019\/05\/001-1.jpg'><img loading=\"lazy\" decoding=\"async\" width=\"3543\" height=\"2362\" src=\"https:\/\/archive.sana.sy\/tr\/wp-content\/uploads\/2019\/05\/001-1.jpg\" class=\"attachment-full size-full\" alt=\"\" srcset=\"https:\/\/archive.sana.sy\/tr\/wp-content\/uploads\/2019\/05\/001-1.jpg 3543w, https:\/\/archive.sana.sy\/tr\/wp-content\/uploads\/2019\/05\/001-1-150x100.jpg 150w, https:\/\/archive.sana.sy\/tr\/wp-content\/uploads\/2019\/05\/001-1-300x200.jpg 300w, https:\/\/archive.sana.sy\/tr\/wp-content\/uploads\/2019\/05\/001-1-768x512.jpg 768w, https:\/\/archive.sana.sy\/tr\/wp-content\/uploads\/2019\/05\/001-1-1024x683.jpg 1024w\" sizes=\"auto, (max-width: 3543px) 100vw, 3543px\" \/><\/a>\n\t\t\t<\/div><\/figure><figure class='gallery-item'>\n\t\t\t<div class='gallery-icon landscape'>\n\t\t\t\t<a href='https:\/\/archive.sana.sy\/tr\/wp-content\/uploads\/2019\/05\/001-2.jpg'><img loading=\"lazy\" decoding=\"async\" width=\"3543\" height=\"2362\" src=\"https:\/\/archive.sana.sy\/tr\/wp-content\/uploads\/2019\/05\/001-2.jpg\" class=\"attachment-full size-full\" alt=\"\" srcset=\"https:\/\/archive.sana.sy\/tr\/wp-content\/uploads\/2019\/05\/001-2.jpg 3543w, https:\/\/archive.sana.sy\/tr\/wp-content\/uploads\/2019\/05\/001-2-150x100.jpg 150w, https:\/\/archive.sana.sy\/tr\/wp-content\/uploads\/2019\/05\/001-2-300x200.jpg 300w, https:\/\/archive.sana.sy\/tr\/wp-content\/uploads\/2019\/05\/001-2-768x512.jpg 768w, https:\/\/archive.sana.sy\/tr\/wp-content\/uploads\/2019\/05\/001-2-1024x683.jpg 1024w\" sizes=\"auto, (max-width: 3543px) 100vw, 3543px\" \/><\/a>\n\t\t\t<\/div><\/figure><figure class='gallery-item'>\n\t\t\t<div class='gallery-icon landscape'>\n\t\t\t\t<a href='https:\/\/archive.sana.sy\/tr\/wp-content\/uploads\/2019\/05\/001-5.jpg'><img loading=\"lazy\" decoding=\"async\" width=\"3543\" height=\"2362\" src=\"https:\/\/archive.sana.sy\/tr\/wp-content\/uploads\/2019\/05\/001-5.jpg\" class=\"attachment-full size-full\" alt=\"\" srcset=\"https:\/\/archive.sana.sy\/tr\/wp-content\/uploads\/2019\/05\/001-5.jpg 3543w, https:\/\/archive.sana.sy\/tr\/wp-content\/uploads\/2019\/05\/001-5-150x100.jpg 150w, https:\/\/archive.sana.sy\/tr\/wp-content\/uploads\/2019\/05\/001-5-300x200.jpg 300w, https:\/\/archive.sana.sy\/tr\/wp-content\/uploads\/2019\/05\/001-5-768x512.jpg 768w, https:\/\/archive.sana.sy\/tr\/wp-content\/uploads\/2019\/05\/001-5-1024x683.jpg 1024w\" sizes=\"auto, (max-width: 3543px) 100vw, 3543px\" \/><\/a>\n\t\t\t<\/div><\/figure><figure class='gallery-item'>\n\t\t\t<div class='gallery-icon landscape'>\n\t\t\t\t<a href='https:\/\/archive.sana.sy\/tr\/wp-content\/uploads\/2019\/05\/001-7.jpg'><img loading=\"lazy\" decoding=\"async\" width=\"3543\" height=\"2362\" src=\"https:\/\/archive.sana.sy\/tr\/wp-content\/uploads\/2019\/05\/001-7.jpg\" class=\"attachment-full size-full\" alt=\"\" srcset=\"https:\/\/archive.sana.sy\/tr\/wp-content\/uploads\/2019\/05\/001-7.jpg 3543w, https:\/\/archive.sana.sy\/tr\/wp-content\/uploads\/2019\/05\/001-7-150x100.jpg 150w, https:\/\/archive.sana.sy\/tr\/wp-content\/uploads\/2019\/05\/001-7-300x200.jpg 300w, https:\/\/archive.sana.sy\/tr\/wp-content\/uploads\/2019\/05\/001-7-768x512.jpg 768w, https:\/\/archive.sana.sy\/tr\/wp-content\/uploads\/2019\/05\/001-7-1024x683.jpg 1024w\" sizes=\"auto, (max-width: 3543px) 100vw, 3543px\" \/><\/a>\n\t\t\t<\/div><\/figure><figure class='gallery-item'>\n\t\t\t<div class='gallery-icon landscape'>\n\t\t\t\t<a href='https:\/\/archive.sana.sy\/tr\/wp-content\/uploads\/2019\/05\/001-8.jpg'><img loading=\"lazy\" decoding=\"async\" width=\"3543\" height=\"2362\" src=\"https:\/\/archive.sana.sy\/tr\/wp-content\/uploads\/2019\/05\/001-8.jpg\" class=\"attachment-full size-full\" alt=\"\" srcset=\"https:\/\/archive.sana.sy\/tr\/wp-content\/uploads\/2019\/05\/001-8.jpg 3543w, https:\/\/archive.sana.sy\/tr\/wp-content\/uploads\/2019\/05\/001-8-150x100.jpg 150w, https:\/\/archive.sana.sy\/tr\/wp-content\/uploads\/2019\/05\/001-8-300x200.jpg 300w, https:\/\/archive.sana.sy\/tr\/wp-content\/uploads\/2019\/05\/001-8-768x512.jpg 768w, https:\/\/archive.sana.sy\/tr\/wp-content\/uploads\/2019\/05\/001-8-1024x683.jpg 1024w\" sizes=\"auto, (max-width: 3543px) 100vw, 3543px\" \/><\/a>\n\t\t\t<\/div><\/figure><figure class='gallery-item'>\n\t\t\t<div class='gallery-icon landscape'>\n\t\t\t\t<a href='https:\/\/archive.sana.sy\/tr\/wp-content\/uploads\/2019\/05\/001-9.jpg'><img loading=\"lazy\" decoding=\"async\" width=\"3543\" height=\"2362\" src=\"https:\/\/archive.sana.sy\/tr\/wp-content\/uploads\/2019\/05\/001-9.jpg\" class=\"attachment-full size-full\" alt=\"\" srcset=\"https:\/\/archive.sana.sy\/tr\/wp-content\/uploads\/2019\/05\/001-9.jpg 3543w, https:\/\/archive.sana.sy\/tr\/wp-content\/uploads\/2019\/05\/001-9-150x100.jpg 150w, https:\/\/archive.sana.sy\/tr\/wp-content\/uploads\/2019\/05\/001-9-300x200.jpg 300w, https:\/\/archive.sana.sy\/tr\/wp-content\/uploads\/2019\/05\/001-9-768x512.jpg 768w, https:\/\/archive.sana.sy\/tr\/wp-content\/uploads\/2019\/05\/001-9-1024x683.jpg 1024w\" sizes=\"auto, (max-width: 3543px) 100vw, 3543px\" \/><\/a>\n\t\t\t<\/div><\/figure>\n\t\t<\/div>\n\n","protected":false},"excerpt":{"rendered":"<p>HALEP \u2013 Homs ilinden gelen &#8220;Um el Zinnar&#8221; Hz Meryem Katedrali Korosu &#8220;Halep Ey G\u00f6ky\u00fcz\u00fc Par\u00e7as\u0131&#8221; ba\u015fl\u0131\u011f\u0131yla &#8220;Ramazan Geceleri&#8221; festival faaliyetleri kapsam\u0131nda bir konser verdi. Konser, eski Halep el Vezir Han&#8217;\u0131nda d\u00fczenlenmekte olup, ulusal ve muhtelif sanat e\u011filimli \u015fark\u0131lar i\u00e7erdi. Halep Turizm M\u00fcdiresi Naile \u015eahhud SANA muhabirine verdi\u011fi deme\u00e7te, bu ak\u015fam resitalinin el Vezir Han&#8217;\u0131nda &hellip;<\/p>\n","protected":false},"author":1,"featured_media":182415,"comment_status":"closed","ping_status":"closed","sticky":false,"template":"","format":"standard","meta":{"footnotes":""},"categories":[596,479,516,511,17988,478],"tags":[],"class_list":["post-182408","post","type-post","status-publish","format-standard","has-post-thumbnail","","category-fotografli-raporlar","category-haberler-yerel","category-haberler-kultur-ve-sanat","category-kultur-ve-sanat","category-son-haberler","category-yerel"],"_links":{"self":[{"href":"https:\/\/archive.sana.sy\/tr\/index.php?rest_route=\/wp\/v2\/posts\/182408","targetHints":{"allow":["GET"]}}],"collection":[{"href":"https:\/\/archive.sana.sy\/tr\/index.php?rest_route=\/wp\/v2\/posts"}],"about":[{"href":"https:\/\/archive.sana.sy\/tr\/index.php?rest_route=\/wp\/v2\/types\/post"}],"author":[{"embeddable":true,"href":"https:\/\/archive.sana.sy\/tr\/index.php?rest_route=\/wp\/v2\/users\/1"}],"replies":[{"embeddable":true,"href":"https:\/\/archive.sana.sy\/tr\/index.php?rest_route=%2Fwp%2Fv2%2Fcomments&post=182408"}],"version-history":[{"count":0,"href":"https:\/\/archive.sana.sy\/tr\/index.php?rest_route=\/wp\/v2\/posts\/182408\/revisions"}],"wp:featuredmedia":[{"embeddable":true,"href":"https:\/\/archive.sana.sy\/tr\/index.php?rest_route=\/wp\/v2\/media\/182415"}],"wp:attachment":[{"href":"https:\/\/archive.sana.sy\/tr\/index.php?rest_route=%2Fwp%2Fv2%2Fmedia&parent=182408"}],"wp:term":[{"taxonomy":"category","embeddable":true,"href":"https:\/\/archive.sana.sy\/tr\/index.php?rest_route=%2Fwp%2Fv2%2Fcategories&post=182408"},{"taxonomy":"post_tag","embeddable":true,"href":"https:\/\/archive.sana.sy\/tr\/index.php?rest_route=%2Fwp%2Fv2%2Ftags&post=182408"}],"curies":[{"name":"wp","href":"https:\/\/api.w.org\/{rel}","templated":true}]}}