{"id":182417,"date":"2019-05-10T16:44:27","date_gmt":"2019-05-10T13:44:27","guid":{"rendered":"http:\/\/www.sana.sy\/tr\/?p=182417"},"modified":"2019-05-11T13:51:54","modified_gmt":"2019-05-11T10:51:54","slug":"isgalci-israilin-vahsi-eylemleri-sonucunda-cocuklarin-bulundugu-onlarca-kisi-yaralandi","status":"publish","type":"post","link":"https:\/\/archive.sana.sy\/tr\/?p=182417","title":{"rendered":"\u0130\u015fgalci \u0130srail&#8217;in Vah\u015fi Eylemleri Sonucunda \u00c7ocuklar\u0131n Bulundu\u011fu Onlarca Ki\u015fi Yaraland\u0131"},"content":{"rendered":"<p>KUD\u00dcS \u2013 Filistin Bat\u0131 Yaka&#8217;n\u0131n Kfar Kaddum k\u00f6y\u00fcnde 15 y\u0131ldan fazla s\u00fcredir kapal\u0131 olan k\u00f6y yolunun a\u00e7\u0131lmas\u0131n\u0131 talep etmesi nedeniyle d\u00fczenlenen haftal\u0131k g\u00f6sterisinde Filistinli bir \u00e7ocuk \u0130srail kur\u015funuyla yaral\u0131 d\u00fc\u015ft\u00fc, onlarca g\u00f6stericiler ise \u0130srail i\u015fgalci kuvvetlerinin att\u0131\u011f\u0131 gaz sonucunda bo\u011fulma tehlikesi ya\u015fad\u0131lar.<\/p>\n<p>Filistinli MAA haber ajans\u0131 pop\u00fcler direni\u015f koordinat\u00f6r\u00fc Murad \u015etevi\u2019nden aktard\u0131\u011f\u0131 ifadesiyle; i\u015fgalci \u0130srail kuvvetlerinin Kfar Kaddum k\u00f6y\u00fcn\u00fc bast\u0131klar\u0131 anda, 15 y\u0131ldan fazla \u0130srailli i\u015fgalcinin dayatmalar\u0131yla kapal\u0131 olan k\u00f6y yolunun a\u00e7\u0131lmas\u0131n\u0131 talep etmesi ve \u201cNekba\u201d 71. Y\u0131l D\u00f6n\u00fcm\u00fcn\u00fc anmak i\u00e7in d\u00fczenlenen g\u00f6sterilere kat\u0131lan g\u00f6stericilere do\u011fru kur\u015fun ve zehirli gaz bombalar\u0131yla ate\u015f a\u00e7t\u0131\u011f\u0131n\u0131 s\u00f6yledi.<\/p>\n<p>Maa haber ajans\u0131; \u0130srail i\u015fgalci kuvvetlerinin vah\u015fi eylemleri nedeniyle aralar\u0131nda bir \u00e7ocu\u011fun bulundu\u011fu onlarca Filistinlilerin yaral\u0131 d\u00fc\u015ft\u00fcklerini aktard\u0131.<\/p>\n","protected":false},"excerpt":{"rendered":"<p>KUD\u00dcS \u2013 Filistin Bat\u0131 Yaka&#8217;n\u0131n Kfar Kaddum k\u00f6y\u00fcnde 15 y\u0131ldan fazla s\u00fcredir kapal\u0131 olan k\u00f6y yolunun a\u00e7\u0131lmas\u0131n\u0131 talep etmesi nedeniyle d\u00fczenlenen haftal\u0131k g\u00f6sterisinde Filistinli bir \u00e7ocuk \u0130srail kur\u015funuyla yaral\u0131 d\u00fc\u015ft\u00fc, onlarca g\u00f6stericiler ise \u0130srail i\u015fgalci kuvvetlerinin att\u0131\u011f\u0131 gaz sonucunda bo\u011fulma tehlikesi ya\u015fad\u0131lar. Filistinli MAA haber ajans\u0131 pop\u00fcler direni\u015f koordinat\u00f6r\u00fc Murad \u015etevi\u2019nden aktard\u0131\u011f\u0131 ifadesiyle; i\u015fgalci \u0130srail &hellip;<\/p>\n","protected":false},"author":1,"featured_media":182419,"comment_status":"closed","ping_status":"closed","sticky":false,"template":"","format":"standard","meta":{"footnotes":""},"categories":[458,459,17988],"tags":[],"class_list":["post-182417","post","type-post","status-publish","format-standard","has-post-thumbnail","","category-dunya1","category-haberler-arap-uluslararasi-politika","category-son-haberler"],"_links":{"self":[{"href":"https:\/\/archive.sana.sy\/tr\/index.php?rest_route=\/wp\/v2\/posts\/182417","targetHints":{"allow":["GET"]}}],"collection":[{"href":"https:\/\/archive.sana.sy\/tr\/index.php?rest_route=\/wp\/v2\/posts"}],"about":[{"href":"https:\/\/archive.sana.sy\/tr\/index.php?rest_route=\/wp\/v2\/types\/post"}],"author":[{"embeddable":true,"href":"https:\/\/archive.sana.sy\/tr\/index.php?rest_route=\/wp\/v2\/users\/1"}],"replies":[{"embeddable":true,"href":"https:\/\/archive.sana.sy\/tr\/index.php?rest_route=%2Fwp%2Fv2%2Fcomments&post=182417"}],"version-history":[{"count":0,"href":"https:\/\/archive.sana.sy\/tr\/index.php?rest_route=\/wp\/v2\/posts\/182417\/revisions"}],"wp:featuredmedia":[{"embeddable":true,"href":"https:\/\/archive.sana.sy\/tr\/index.php?rest_route=\/wp\/v2\/media\/182419"}],"wp:attachment":[{"href":"https:\/\/archive.sana.sy\/tr\/index.php?rest_route=%2Fwp%2Fv2%2Fmedia&parent=182417"}],"wp:term":[{"taxonomy":"category","embeddable":true,"href":"https:\/\/archive.sana.sy\/tr\/index.php?rest_route=%2Fwp%2Fv2%2Fcategories&post=182417"},{"taxonomy":"post_tag","embeddable":true,"href":"https:\/\/archive.sana.sy\/tr\/index.php?rest_route=%2Fwp%2Fv2%2Ftags&post=182417"}],"curies":[{"name":"wp","href":"https:\/\/api.w.org\/{rel}","templated":true}]}}