{"id":182519,"date":"2019-05-12T14:13:29","date_gmt":"2019-05-12T11:13:29","guid":{"rendered":"http:\/\/www.sana.sy\/tr\/?p=182519"},"modified":"2019-05-13T13:25:56","modified_gmt":"2019-05-13T10:25:56","slug":"dunyada-bunu-ilk-yapan-suriyelilerdir","status":"publish","type":"post","link":"https:\/\/archive.sana.sy\/tr\/?p=182519","title":{"rendered":"D\u00fcnyada Bunu \u0130lk yapan Suriyelilerdir"},"content":{"rendered":"<p>\u015eAM \u2013 Suriye&#8217;nin sahip oldu\u011fu co\u011frafi konum ve zengin \u00e7evre \u00f6zelli\u011fi nedeniyle her y\u0131l\u0131n ilkbahar ve sonbahar mevsimlerinde say\u0131lamayacak kadar milyonlarca g\u00f6\u00e7men ku\u015f Suriye hava sahas\u0131ndan ge\u00e7iyor.<\/p>\n<p>Suriye&#8217;de devletin kurdu\u011fu korunmu\u015f \u00e7evresel alanlar da Afrika ve Avrupa k\u0131talar\u0131 aras\u0131nda g\u00f6\u00e7men ku\u015flar\u0131n tercih ettikleri bir yer olmas\u0131na b\u00fcy\u00fck katk\u0131 sa\u011flad\u0131.<\/p>\n<p>Arkeoloji ve Tarih Uzman\u0131 Ara\u015ft\u0131rmac\u0131 Dr. Mahmut el Seyit g\u00f6\u00e7men ku\u015flar\u0131n Suriye&#8217;nin k\u00fclt\u00fcr miras\u0131n\u0131n \u00f6nemli bir par\u00e7as\u0131n\u0131 te\u015fkil etti\u011fini ifade ederken k\u00fclt\u00fcr, edebiyat ve sanatta da \u00f6nemli bir yeri oldu\u011funa dikkat \u00e7ekti.<\/p>\n<p>Seyit Suriyelilerin Ta\u015f Devrinden beri g\u00f6\u00e7men ku\u015flara ilgi ve \u00f6nem verdiklerine vurgu yaparken; farkl\u0131 b\u00f6lgelerde bulunan tarihi eserler, tabletler ve ku\u015f fosillerinin bu ger\u00e7e\u011fi net bir \u015fekilde kan\u0131tlad\u0131\u011f\u0131n\u0131 belirtti.<\/p>\n<p>Seyit d\u00fcnyada turnalar ba\u015fta olmak \u00fczere g\u00f6\u00e7men ku\u015flar ve hareketlerini ilk belgeleyenlerin Suriyeliler oldu\u011funu, bunun da tarihi belgelerle kan\u0131tland\u0131\u011f\u0131n\u0131n alt\u0131n\u0131 \u00e7izdi.<\/p>\n","protected":false},"excerpt":{"rendered":"<p>\u015eAM \u2013 Suriye&#8217;nin sahip oldu\u011fu co\u011frafi konum ve zengin \u00e7evre \u00f6zelli\u011fi nedeniyle her y\u0131l\u0131n ilkbahar ve sonbahar mevsimlerinde say\u0131lamayacak kadar milyonlarca g\u00f6\u00e7men ku\u015f Suriye hava sahas\u0131ndan ge\u00e7iyor. Suriye&#8217;de devletin kurdu\u011fu korunmu\u015f \u00e7evresel alanlar da Afrika ve Avrupa k\u0131talar\u0131 aras\u0131nda g\u00f6\u00e7men ku\u015flar\u0131n tercih ettikleri bir yer olmas\u0131na b\u00fcy\u00fck katk\u0131 sa\u011flad\u0131. Arkeoloji ve Tarih Uzman\u0131 Ara\u015ft\u0131rmac\u0131 Dr. &hellip;<\/p>\n","protected":false},"author":1,"featured_media":182520,"comment_status":"closed","ping_status":"closed","sticky":false,"template":"","format":"standard","meta":{"footnotes":""},"categories":[516,479,511,17988,478],"tags":[],"class_list":["post-182519","post","type-post","status-publish","format-standard","has-post-thumbnail","","category-haberler-kultur-ve-sanat","category-haberler-yerel","category-kultur-ve-sanat","category-son-haberler","category-yerel"],"_links":{"self":[{"href":"https:\/\/archive.sana.sy\/tr\/index.php?rest_route=\/wp\/v2\/posts\/182519","targetHints":{"allow":["GET"]}}],"collection":[{"href":"https:\/\/archive.sana.sy\/tr\/index.php?rest_route=\/wp\/v2\/posts"}],"about":[{"href":"https:\/\/archive.sana.sy\/tr\/index.php?rest_route=\/wp\/v2\/types\/post"}],"author":[{"embeddable":true,"href":"https:\/\/archive.sana.sy\/tr\/index.php?rest_route=\/wp\/v2\/users\/1"}],"replies":[{"embeddable":true,"href":"https:\/\/archive.sana.sy\/tr\/index.php?rest_route=%2Fwp%2Fv2%2Fcomments&post=182519"}],"version-history":[{"count":0,"href":"https:\/\/archive.sana.sy\/tr\/index.php?rest_route=\/wp\/v2\/posts\/182519\/revisions"}],"wp:featuredmedia":[{"embeddable":true,"href":"https:\/\/archive.sana.sy\/tr\/index.php?rest_route=\/wp\/v2\/media\/182520"}],"wp:attachment":[{"href":"https:\/\/archive.sana.sy\/tr\/index.php?rest_route=%2Fwp%2Fv2%2Fmedia&parent=182519"}],"wp:term":[{"taxonomy":"category","embeddable":true,"href":"https:\/\/archive.sana.sy\/tr\/index.php?rest_route=%2Fwp%2Fv2%2Fcategories&post=182519"},{"taxonomy":"post_tag","embeddable":true,"href":"https:\/\/archive.sana.sy\/tr\/index.php?rest_route=%2Fwp%2Fv2%2Ftags&post=182519"}],"curies":[{"name":"wp","href":"https:\/\/api.w.org\/{rel}","templated":true}]}}