{"id":182529,"date":"2019-05-12T14:52:30","date_gmt":"2019-05-12T11:52:30","guid":{"rendered":"http:\/\/www.sana.sy\/tr\/?p=182529"},"modified":"2019-05-13T13:26:15","modified_gmt":"2019-05-13T10:26:15","slug":"rukban-kampindan-bir-grup-daha-cikti","status":"publish","type":"post","link":"https:\/\/archive.sana.sy\/tr\/?p=182529","title":{"rendered":"R\u00fckban Kamp\u0131ndan Bir Grup Daha \u00c7\u0131kt\u0131 (V\u0130DEO)"},"content":{"rendered":"<p>HOMS \u2013 Homs \u0130linin do\u011fusunda \u00dcrd\u00fcn ve Irak s\u0131n\u0131rlar\u0131na yak\u0131n Tenf B\u00f6lgesinde ABD g\u00fc\u00e7leri ve onlara tabi kiral\u0131k ter\u00f6ristlerin 40 bine yak\u0131n sivil insani tutsak tutup her t\u00fcrl\u00fc insani yard\u0131m\u0131n giri\u015fini engelledikleri R\u00fckban Kamp\u0131ndan bir grup daha bug\u00fcn Cley\u011fim \u0130nsani Ge\u00e7idine ula\u015fmay\u0131 ba\u015fard\u0131.<\/p>\n<p>Suriye ve Rus Koordinasyon merkezinin i\u015fbirli\u011fi ile kamptaki sivillerin tahliyesi ve onlara gereken yard\u0131mlar\u0131n yap\u0131lmas\u0131 amac\u0131yla temin edilen iki ge\u00e7itten biri say\u0131lan Cley\u011fim Ge\u00e7idinde ilgili uzman ekipler k\u00f6t\u00fc insani ko\u015fullar\u0131n ya\u015fand\u0131\u011f\u0131 kamptan \u00e7\u0131kan sivillere gerekli t\u00fcm yard\u0131mlar\u0131 takdim ettiler. Sivil vatanda\u015flar gerekli resmi i\u015flemlerden ge\u00e7meleri ard\u0131ndan muhtelif b\u00f6lgelerde belde ve k\u00f6ylerine ya da ge\u00e7ici ikamet merkezlerine aktar\u0131ld\u0131lar.<\/p>\n<p><iframe loading=\"lazy\" title=\"\u0648\u0635\u0648\u0644 \u062f\u0641\u0639\u0629 \u062c\u062f\u064a\u062f\u0629 \u0645\u0646 \u0627\u0644\u0645\u0647\u062c\u0631\u064a\u0646 \u0627\u0644\u0633\u0648\u0631\u064a\u064a\u0646 \u0625\u0644\u0649 \u0645\u0645\u0631 \u062c\u0644\u064a\u063a\u0645 \u0642\u0627\u062f\u0645\u0629 \u0645\u0646 \u0645\u062e\u064a\u0645 \u0627\u0644\u0631\u0643\u0628\u0627\u0646\" width=\"618\" height=\"348\" src=\"https:\/\/www.youtube.com\/embed\/YCrqcaKCAoA?feature=oembed\" frameborder=\"0\" allow=\"accelerometer; autoplay; clipboard-write; encrypted-media; gyroscope; picture-in-picture; web-share\" referrerpolicy=\"strict-origin-when-cross-origin\" allowfullscreen><\/iframe><\/p>\n<div id='gallery-1' class='gallery galleryid-182529 gallery-columns-2 gallery-size-full'><figure class='gallery-item'>\n\t\t\t<div class='gallery-icon landscape'>\n\t\t\t\t<a href='https:\/\/archive.sana.sy\/tr\/wp-content\/uploads\/2019\/05\/AMR_0823.jpg'><img loading=\"lazy\" decoding=\"async\" width=\"3543\" height=\"2362\" src=\"https:\/\/archive.sana.sy\/tr\/wp-content\/uploads\/2019\/05\/AMR_0823.jpg\" class=\"attachment-full size-full\" alt=\"\" srcset=\"https:\/\/archive.sana.sy\/tr\/wp-content\/uploads\/2019\/05\/AMR_0823.jpg 3543w, https:\/\/archive.sana.sy\/tr\/wp-content\/uploads\/2019\/05\/AMR_0823-150x100.jpg 150w, https:\/\/archive.sana.sy\/tr\/wp-content\/uploads\/2019\/05\/AMR_0823-300x200.jpg 300w, https:\/\/archive.sana.sy\/tr\/wp-content\/uploads\/2019\/05\/AMR_0823-768x512.jpg 768w, https:\/\/archive.sana.sy\/tr\/wp-content\/uploads\/2019\/05\/AMR_0823-1024x683.jpg 1024w\" sizes=\"auto, (max-width: 3543px) 100vw, 3543px\" \/><\/a>\n\t\t\t<\/div><\/figure><figure class='gallery-item'>\n\t\t\t<div class='gallery-icon landscape'>\n\t\t\t\t<a href='https:\/\/archive.sana.sy\/tr\/wp-content\/uploads\/2019\/05\/AMR_0831-1.jpg'><img loading=\"lazy\" decoding=\"async\" width=\"3543\" height=\"2362\" src=\"https:\/\/archive.sana.sy\/tr\/wp-content\/uploads\/2019\/05\/AMR_0831-1.jpg\" class=\"attachment-full size-full\" alt=\"\" srcset=\"https:\/\/archive.sana.sy\/tr\/wp-content\/uploads\/2019\/05\/AMR_0831-1.jpg 3543w, https:\/\/archive.sana.sy\/tr\/wp-content\/uploads\/2019\/05\/AMR_0831-1-150x100.jpg 150w, https:\/\/archive.sana.sy\/tr\/wp-content\/uploads\/2019\/05\/AMR_0831-1-300x200.jpg 300w, https:\/\/archive.sana.sy\/tr\/wp-content\/uploads\/2019\/05\/AMR_0831-1-768x512.jpg 768w, https:\/\/archive.sana.sy\/tr\/wp-content\/uploads\/2019\/05\/AMR_0831-1-1024x683.jpg 1024w\" sizes=\"auto, (max-width: 3543px) 100vw, 3543px\" \/><\/a>\n\t\t\t<\/div><\/figure><figure class='gallery-item'>\n\t\t\t<div class='gallery-icon landscape'>\n\t\t\t\t<a href='https:\/\/archive.sana.sy\/tr\/wp-content\/uploads\/2019\/05\/AMR_0855.jpg'><img loading=\"lazy\" decoding=\"async\" width=\"3543\" height=\"2362\" src=\"https:\/\/archive.sana.sy\/tr\/wp-content\/uploads\/2019\/05\/AMR_0855.jpg\" class=\"attachment-full size-full\" alt=\"\" srcset=\"https:\/\/archive.sana.sy\/tr\/wp-content\/uploads\/2019\/05\/AMR_0855.jpg 3543w, https:\/\/archive.sana.sy\/tr\/wp-content\/uploads\/2019\/05\/AMR_0855-150x100.jpg 150w, https:\/\/archive.sana.sy\/tr\/wp-content\/uploads\/2019\/05\/AMR_0855-300x200.jpg 300w, https:\/\/archive.sana.sy\/tr\/wp-content\/uploads\/2019\/05\/AMR_0855-768x512.jpg 768w, https:\/\/archive.sana.sy\/tr\/wp-content\/uploads\/2019\/05\/AMR_0855-1024x683.jpg 1024w\" sizes=\"auto, (max-width: 3543px) 100vw, 3543px\" \/><\/a>\n\t\t\t<\/div><\/figure><figure class='gallery-item'>\n\t\t\t<div class='gallery-icon landscape'>\n\t\t\t\t<a href='https:\/\/archive.sana.sy\/tr\/wp-content\/uploads\/2019\/05\/AMR_0892.jpg'><img loading=\"lazy\" decoding=\"async\" width=\"3543\" height=\"2362\" src=\"https:\/\/archive.sana.sy\/tr\/wp-content\/uploads\/2019\/05\/AMR_0892.jpg\" class=\"attachment-full size-full\" alt=\"\" srcset=\"https:\/\/archive.sana.sy\/tr\/wp-content\/uploads\/2019\/05\/AMR_0892.jpg 3543w, https:\/\/archive.sana.sy\/tr\/wp-content\/uploads\/2019\/05\/AMR_0892-150x100.jpg 150w, https:\/\/archive.sana.sy\/tr\/wp-content\/uploads\/2019\/05\/AMR_0892-300x200.jpg 300w, https:\/\/archive.sana.sy\/tr\/wp-content\/uploads\/2019\/05\/AMR_0892-768x512.jpg 768w, https:\/\/archive.sana.sy\/tr\/wp-content\/uploads\/2019\/05\/AMR_0892-1024x683.jpg 1024w\" sizes=\"auto, (max-width: 3543px) 100vw, 3543px\" \/><\/a>\n\t\t\t<\/div><\/figure><figure class='gallery-item'>\n\t\t\t<div class='gallery-icon landscape'>\n\t\t\t\t<a href='https:\/\/archive.sana.sy\/tr\/wp-content\/uploads\/2019\/05\/AMR_0900.jpg'><img loading=\"lazy\" decoding=\"async\" width=\"3543\" height=\"2362\" src=\"https:\/\/archive.sana.sy\/tr\/wp-content\/uploads\/2019\/05\/AMR_0900.jpg\" class=\"attachment-full size-full\" alt=\"\" srcset=\"https:\/\/archive.sana.sy\/tr\/wp-content\/uploads\/2019\/05\/AMR_0900.jpg 3543w, https:\/\/archive.sana.sy\/tr\/wp-content\/uploads\/2019\/05\/AMR_0900-150x100.jpg 150w, https:\/\/archive.sana.sy\/tr\/wp-content\/uploads\/2019\/05\/AMR_0900-300x200.jpg 300w, https:\/\/archive.sana.sy\/tr\/wp-content\/uploads\/2019\/05\/AMR_0900-768x512.jpg 768w, https:\/\/archive.sana.sy\/tr\/wp-content\/uploads\/2019\/05\/AMR_0900-1024x683.jpg 1024w\" sizes=\"auto, (max-width: 3543px) 100vw, 3543px\" \/><\/a>\n\t\t\t<\/div><\/figure><figure class='gallery-item'>\n\t\t\t<div class='gallery-icon landscape'>\n\t\t\t\t<a href='https:\/\/archive.sana.sy\/tr\/wp-content\/uploads\/2019\/05\/AMR_0831.jpg'><img loading=\"lazy\" decoding=\"async\" width=\"3543\" height=\"2362\" src=\"https:\/\/archive.sana.sy\/tr\/wp-content\/uploads\/2019\/05\/AMR_0831.jpg\" class=\"attachment-full size-full\" alt=\"\" srcset=\"https:\/\/archive.sana.sy\/tr\/wp-content\/uploads\/2019\/05\/AMR_0831.jpg 3543w, https:\/\/archive.sana.sy\/tr\/wp-content\/uploads\/2019\/05\/AMR_0831-150x100.jpg 150w, https:\/\/archive.sana.sy\/tr\/wp-content\/uploads\/2019\/05\/AMR_0831-300x200.jpg 300w, https:\/\/archive.sana.sy\/tr\/wp-content\/uploads\/2019\/05\/AMR_0831-768x512.jpg 768w, https:\/\/archive.sana.sy\/tr\/wp-content\/uploads\/2019\/05\/AMR_0831-1024x683.jpg 1024w\" sizes=\"auto, (max-width: 3543px) 100vw, 3543px\" \/><\/a>\n\t\t\t<\/div><\/figure>\n\t\t<\/div>\n\n","protected":false},"excerpt":{"rendered":"<p>HOMS \u2013 Homs \u0130linin do\u011fusunda \u00dcrd\u00fcn ve Irak s\u0131n\u0131rlar\u0131na yak\u0131n Tenf B\u00f6lgesinde ABD g\u00fc\u00e7leri ve onlara tabi kiral\u0131k ter\u00f6ristlerin 40 bine yak\u0131n sivil insani tutsak tutup her t\u00fcrl\u00fc insani yard\u0131m\u0131n giri\u015fini engelledikleri R\u00fckban Kamp\u0131ndan bir grup daha bug\u00fcn Cley\u011fim \u0130nsani Ge\u00e7idine ula\u015fmay\u0131 ba\u015fard\u0131. Suriye ve Rus Koordinasyon merkezinin i\u015fbirli\u011fi ile kamptaki sivillerin tahliyesi ve onlara &hellip;<\/p>\n","protected":false},"author":1,"featured_media":182539,"comment_status":"closed","ping_status":"closed","sticky":false,"template":"","format":"standard","meta":{"footnotes":""},"categories":[596,479,17988,478],"tags":[],"class_list":["post-182529","post","type-post","status-publish","format-standard","has-post-thumbnail","","category-fotografli-raporlar","category-haberler-yerel","category-son-haberler","category-yerel"],"_links":{"self":[{"href":"https:\/\/archive.sana.sy\/tr\/index.php?rest_route=\/wp\/v2\/posts\/182529","targetHints":{"allow":["GET"]}}],"collection":[{"href":"https:\/\/archive.sana.sy\/tr\/index.php?rest_route=\/wp\/v2\/posts"}],"about":[{"href":"https:\/\/archive.sana.sy\/tr\/index.php?rest_route=\/wp\/v2\/types\/post"}],"author":[{"embeddable":true,"href":"https:\/\/archive.sana.sy\/tr\/index.php?rest_route=\/wp\/v2\/users\/1"}],"replies":[{"embeddable":true,"href":"https:\/\/archive.sana.sy\/tr\/index.php?rest_route=%2Fwp%2Fv2%2Fcomments&post=182529"}],"version-history":[{"count":0,"href":"https:\/\/archive.sana.sy\/tr\/index.php?rest_route=\/wp\/v2\/posts\/182529\/revisions"}],"wp:featuredmedia":[{"embeddable":true,"href":"https:\/\/archive.sana.sy\/tr\/index.php?rest_route=\/wp\/v2\/media\/182539"}],"wp:attachment":[{"href":"https:\/\/archive.sana.sy\/tr\/index.php?rest_route=%2Fwp%2Fv2%2Fmedia&parent=182529"}],"wp:term":[{"taxonomy":"category","embeddable":true,"href":"https:\/\/archive.sana.sy\/tr\/index.php?rest_route=%2Fwp%2Fv2%2Fcategories&post=182529"},{"taxonomy":"post_tag","embeddable":true,"href":"https:\/\/archive.sana.sy\/tr\/index.php?rest_route=%2Fwp%2Fv2%2Ftags&post=182529"}],"curies":[{"name":"wp","href":"https:\/\/api.w.org\/{rel}","templated":true}]}}