{"id":182532,"date":"2019-05-12T16:04:45","date_gmt":"2019-05-12T13:04:45","guid":{"rendered":"http:\/\/www.sana.sy\/tr\/?p=182532"},"modified":"2019-05-12T16:04:45","modified_gmt":"2019-05-12T13:04:45","slug":"sana-muhabiri-ordu-birliklerimizin-idlib-ilinin-guneyi-hbayt-kasabasinda-civar-bolgelere-gaddar-saldirilarda-bulunan-teroristlerin-yuva-ve-araclarini-muhtevalariyla-imha-ettiklerini-belirtti","status":"publish","type":"post","link":"https:\/\/archive.sana.sy\/tr\/?p=182532","title":{"rendered":"SANA muhabiri ordu birliklerimizin \u0130dlib \u0130linin g\u00fcneyi Hbayt Kasabas\u0131nda civar b\u00f6lgelere gaddar sald\u0131r\u0131larda bulunan ter\u00f6ristlerin yuva ve ara\u00e7lar\u0131n\u0131 muhtevalar\u0131yla imha ettiklerini belirtti"},"content":{"rendered":"<p>SANA muhabiri ordu birliklerimizin \u0130dlib \u0130linin g\u00fcneyi Hbayt Kasabas\u0131nda civar b\u00f6lgelere gaddar sald\u0131r\u0131larda bulunan ter\u00f6ristlerin yuva ve ara\u00e7lar\u0131n\u0131 muhtevalar\u0131yla imha ettiklerini belirtti<\/p>\n","protected":false},"excerpt":{"rendered":"<p>SANA muhabiri ordu birliklerimizin \u0130dlib \u0130linin g\u00fcneyi Hbayt Kasabas\u0131nda civar b\u00f6lgelere gaddar sald\u0131r\u0131larda bulunan ter\u00f6ristlerin yuva ve ara\u00e7lar\u0131n\u0131 muhtevalar\u0131yla imha ettiklerini belirtti<\/p>\n","protected":false},"author":1,"featured_media":0,"comment_status":"closed","ping_status":"closed","sticky":false,"template":"","format":"standard","meta":{"footnotes":""},"categories":[17991],"tags":[],"class_list":["post-182532","post","type-post","status-publish","format-standard","","category-son-dakika"],"_links":{"self":[{"href":"https:\/\/archive.sana.sy\/tr\/index.php?rest_route=\/wp\/v2\/posts\/182532","targetHints":{"allow":["GET"]}}],"collection":[{"href":"https:\/\/archive.sana.sy\/tr\/index.php?rest_route=\/wp\/v2\/posts"}],"about":[{"href":"https:\/\/archive.sana.sy\/tr\/index.php?rest_route=\/wp\/v2\/types\/post"}],"author":[{"embeddable":true,"href":"https:\/\/archive.sana.sy\/tr\/index.php?rest_route=\/wp\/v2\/users\/1"}],"replies":[{"embeddable":true,"href":"https:\/\/archive.sana.sy\/tr\/index.php?rest_route=%2Fwp%2Fv2%2Fcomments&post=182532"}],"version-history":[{"count":0,"href":"https:\/\/archive.sana.sy\/tr\/index.php?rest_route=\/wp\/v2\/posts\/182532\/revisions"}],"wp:attachment":[{"href":"https:\/\/archive.sana.sy\/tr\/index.php?rest_route=%2Fwp%2Fv2%2Fmedia&parent=182532"}],"wp:term":[{"taxonomy":"category","embeddable":true,"href":"https:\/\/archive.sana.sy\/tr\/index.php?rest_route=%2Fwp%2Fv2%2Fcategories&post=182532"},{"taxonomy":"post_tag","embeddable":true,"href":"https:\/\/archive.sana.sy\/tr\/index.php?rest_route=%2Fwp%2Fv2%2Ftags&post=182532"}],"curies":[{"name":"wp","href":"https:\/\/api.w.org\/{rel}","templated":true}]}}