{"id":182583,"date":"2019-05-13T12:30:28","date_gmt":"2019-05-13T09:30:28","guid":{"rendered":"http:\/\/www.sana.sy\/tr\/?p=182583"},"modified":"2019-05-14T13:14:18","modified_gmt":"2019-05-14T10:14:18","slug":"aksyonov-onumuzdeki-surec-icinde-artacak","status":"publish","type":"post","link":"https:\/\/archive.sana.sy\/tr\/?p=182583","title":{"rendered":"Aksyonov: \u00d6n\u00fcm\u00fczdeki S\u00fcre\u00e7 \u0130\u00e7inde Artacak"},"content":{"rendered":"<p>MOSKOVA \u2013 K\u0131r\u0131m Cumhuriyeti Ba\u015fkan\u0131 Sergey Aksyonov \u00fclkesi ile Suriye aras\u0131ndaki ili\u015fkilerin metanetini ifade ederken; iki \u00fclke aras\u0131ndaki ticari al\u0131\u015fveri\u015f program\u0131n\u0131n uygulamaya ge\u00e7ti\u011fini belirtti.<\/p>\n<p>Rus Izvestia Gazetesine verdi\u011fi r\u00f6portajda Aksyonov Suriye ve K\u0131r\u0131m Cumhuriyeti aras\u0131nda olduk\u00e7a sa\u011flam ili\u015fkilerin bulundu\u011funu ifade etti. Aksyonov iki \u00fclke aras\u0131nda ekonomi i\u015fbirli\u011fi ve ortak \u00e7al\u0131\u015fmalar i\u00e7eren bir dizi anla\u015fma ve s\u00f6zle\u015fmenin imzaland\u0131\u011f\u0131n\u0131 s\u00f6yledi.<\/p>\n<p>Suriye&#8217;nin y\u0131llard\u0131r ter\u00f6r\u00fcn edat olarak kullan\u0131ld\u0131\u011f\u0131 muhtelif y\u00f6nl\u00fc uluslararas\u0131 bir sava\u015fa maruz kald\u0131\u011f\u0131na dikkat \u00e7eken Aksyonov; Suriye&#8217;nin bu sava\u015fta ter\u00f6r ve destek\u00e7ilerine kar\u015f\u0131 ba\u015far\u0131lar\u0131n\u0131 \u00f6vd\u00fc.<\/p>\n<p>Aksyonov \u00fclkesinin Suriye&#8217;de yeniden yap\u0131lanma s\u00fcrecine kat\u0131lma iste\u011fini ifade ederken; iki \u00fclke aras\u0131nda hayata ge\u00e7irilecek bir\u00e7ok ortak \u00e7al\u0131\u015fmalar i\u00e7in haz\u0131rl\u0131klar\u0131n yap\u0131ld\u0131\u011f\u0131n\u0131 a\u00e7\u0131klad\u0131.<\/p>\n<p>K\u0131r\u0131m\u2019\u0131n mevcut s\u00fcre\u00e7 i\u00e7inde Suriye&#8217;ye g\u0131da ve sanayi malzemeleri olmak \u00fczere \u00f6nemli ihracatta bulundu\u011funu belirten Aksyonov; bu ihracat\u0131n \u00f6n\u00fcm\u00fczdeki s\u00fcre\u00e7 i\u00e7inde artaca\u011f\u0131n\u0131 kaydetti.<\/p>\n","protected":false},"excerpt":{"rendered":"<p>MOSKOVA \u2013 K\u0131r\u0131m Cumhuriyeti Ba\u015fkan\u0131 Sergey Aksyonov \u00fclkesi ile Suriye aras\u0131ndaki ili\u015fkilerin metanetini ifade ederken; iki \u00fclke aras\u0131ndaki ticari al\u0131\u015fveri\u015f program\u0131n\u0131n uygulamaya ge\u00e7ti\u011fini belirtti. Rus Izvestia Gazetesine verdi\u011fi r\u00f6portajda Aksyonov Suriye ve K\u0131r\u0131m Cumhuriyeti aras\u0131nda olduk\u00e7a sa\u011flam ili\u015fkilerin bulundu\u011funu ifade etti. Aksyonov iki \u00fclke aras\u0131nda ekonomi i\u015fbirli\u011fi ve ortak \u00e7al\u0131\u015fmalar i\u00e7eren bir dizi anla\u015fma ve &hellip;<\/p>\n","protected":false},"author":1,"featured_media":182588,"comment_status":"closed","ping_status":"closed","sticky":false,"template":"","format":"standard","meta":{"footnotes":""},"categories":[458,459,17988],"tags":[],"class_list":["post-182583","post","type-post","status-publish","format-standard","has-post-thumbnail","","category-dunya1","category-haberler-arap-uluslararasi-politika","category-son-haberler"],"_links":{"self":[{"href":"https:\/\/archive.sana.sy\/tr\/index.php?rest_route=\/wp\/v2\/posts\/182583","targetHints":{"allow":["GET"]}}],"collection":[{"href":"https:\/\/archive.sana.sy\/tr\/index.php?rest_route=\/wp\/v2\/posts"}],"about":[{"href":"https:\/\/archive.sana.sy\/tr\/index.php?rest_route=\/wp\/v2\/types\/post"}],"author":[{"embeddable":true,"href":"https:\/\/archive.sana.sy\/tr\/index.php?rest_route=\/wp\/v2\/users\/1"}],"replies":[{"embeddable":true,"href":"https:\/\/archive.sana.sy\/tr\/index.php?rest_route=%2Fwp%2Fv2%2Fcomments&post=182583"}],"version-history":[{"count":0,"href":"https:\/\/archive.sana.sy\/tr\/index.php?rest_route=\/wp\/v2\/posts\/182583\/revisions"}],"wp:featuredmedia":[{"embeddable":true,"href":"https:\/\/archive.sana.sy\/tr\/index.php?rest_route=\/wp\/v2\/media\/182588"}],"wp:attachment":[{"href":"https:\/\/archive.sana.sy\/tr\/index.php?rest_route=%2Fwp%2Fv2%2Fmedia&parent=182583"}],"wp:term":[{"taxonomy":"category","embeddable":true,"href":"https:\/\/archive.sana.sy\/tr\/index.php?rest_route=%2Fwp%2Fv2%2Fcategories&post=182583"},{"taxonomy":"post_tag","embeddable":true,"href":"https:\/\/archive.sana.sy\/tr\/index.php?rest_route=%2Fwp%2Fv2%2Ftags&post=182583"}],"curies":[{"name":"wp","href":"https:\/\/api.w.org\/{rel}","templated":true}]}}