{"id":182850,"date":"2019-05-16T12:00:57","date_gmt":"2019-05-16T09:00:57","guid":{"rendered":"http:\/\/www.sana.sy\/tr\/?p=182850"},"modified":"2019-05-17T14:12:35","modified_gmt":"2019-05-17T11:12:35","slug":"asya-kupasinda-ceys-yari-finale-yukseldi","status":"publish","type":"post","link":"https:\/\/archive.sana.sy\/tr\/?p=182850","title":{"rendered":"Asya Kupas\u0131nda Cey\u015f Yar\u0131 Finale Y\u00fckseldi"},"content":{"rendered":"<p>MANAMA \u2013 Bahreyn\u2019in ba\u015fkenti Manama\u2019da d\u00fczenlenen Asya Federasyonu Kupas\u0131nda Bat\u0131 Asya ma\u00e7lar\u0131nda Cey\u015f tak\u0131m\u0131 L\u00fcbnanl\u0131 Necme Tak\u0131m\u0131 ile 2-2 berabere kald\u0131.<\/p>\n<p>B\u00f6ylelikle Cey\u015f Tak\u0131m\u0131 kendi grubu i\u00e7inde 13 puana sahip \u00dcrd\u00fcn tak\u0131m\u0131ndan sonra 10 puan ile ikinci olurken Asya Federasyonu Kupas\u0131n\u0131n Bat\u0131 Asya B\u00f6lgesi ma\u00e7lar\u0131nda yar\u0131 finale y\u00fckselmi\u015f oldu.<\/p>\n<p>Yar\u0131 final ma\u00e7lar\u0131n\u0131n \u00f6n\u00fcm\u00fczdeki Haziran ay\u0131n\u0131n 17\u2019sinde ba\u015flamalar\u0131 bekleniyor.<\/p>\n<div id='gallery-1' class='gallery galleryid-182850 gallery-columns-1 gallery-size-full'><figure class='gallery-item'>\n\t\t\t<div class='gallery-icon landscape'>\n\t\t\t\t<a href='https:\/\/archive.sana.sy\/tr\/wp-content\/uploads\/2019\/05\/photo_2019-05-15_10-27-45.jpg'><img loading=\"lazy\" decoding=\"async\" width=\"960\" height=\"599\" src=\"https:\/\/archive.sana.sy\/tr\/wp-content\/uploads\/2019\/05\/photo_2019-05-15_10-27-45.jpg\" class=\"attachment-full size-full\" alt=\"\" srcset=\"https:\/\/archive.sana.sy\/tr\/wp-content\/uploads\/2019\/05\/photo_2019-05-15_10-27-45.jpg 960w, https:\/\/archive.sana.sy\/tr\/wp-content\/uploads\/2019\/05\/photo_2019-05-15_10-27-45-150x94.jpg 150w, https:\/\/archive.sana.sy\/tr\/wp-content\/uploads\/2019\/05\/photo_2019-05-15_10-27-45-300x187.jpg 300w, https:\/\/archive.sana.sy\/tr\/wp-content\/uploads\/2019\/05\/photo_2019-05-15_10-27-45-768x479.jpg 768w\" sizes=\"auto, (max-width: 960px) 100vw, 960px\" \/><\/a>\n\t\t\t<\/div><\/figure>\n\t\t<\/div>\n\n","protected":false},"excerpt":{"rendered":"<p>MANAMA \u2013 Bahreyn\u2019in ba\u015fkenti Manama\u2019da d\u00fczenlenen Asya Federasyonu Kupas\u0131nda Bat\u0131 Asya ma\u00e7lar\u0131nda Cey\u015f tak\u0131m\u0131 L\u00fcbnanl\u0131 Necme Tak\u0131m\u0131 ile 2-2 berabere kald\u0131. B\u00f6ylelikle Cey\u015f Tak\u0131m\u0131 kendi grubu i\u00e7inde 13 puana sahip \u00dcrd\u00fcn tak\u0131m\u0131ndan sonra 10 puan ile ikinci olurken Asya Federasyonu Kupas\u0131n\u0131n Bat\u0131 Asya B\u00f6lgesi ma\u00e7lar\u0131nda yar\u0131 finale y\u00fckselmi\u015f oldu. Yar\u0131 final ma\u00e7lar\u0131n\u0131n \u00f6n\u00fcm\u00fczdeki Haziran ay\u0131n\u0131n &hellip;<\/p>\n","protected":false},"author":1,"featured_media":182851,"comment_status":"closed","ping_status":"closed","sticky":false,"template":"","format":"standard","meta":{"footnotes":""},"categories":[498,17988,496],"tags":[],"class_list":["post-182850","post","type-post","status-publish","format-standard","has-post-thumbnail","","category-dunya-turnuvalari","category-son-haberler","category-spor"],"_links":{"self":[{"href":"https:\/\/archive.sana.sy\/tr\/index.php?rest_route=\/wp\/v2\/posts\/182850","targetHints":{"allow":["GET"]}}],"collection":[{"href":"https:\/\/archive.sana.sy\/tr\/index.php?rest_route=\/wp\/v2\/posts"}],"about":[{"href":"https:\/\/archive.sana.sy\/tr\/index.php?rest_route=\/wp\/v2\/types\/post"}],"author":[{"embeddable":true,"href":"https:\/\/archive.sana.sy\/tr\/index.php?rest_route=\/wp\/v2\/users\/1"}],"replies":[{"embeddable":true,"href":"https:\/\/archive.sana.sy\/tr\/index.php?rest_route=%2Fwp%2Fv2%2Fcomments&post=182850"}],"version-history":[{"count":0,"href":"https:\/\/archive.sana.sy\/tr\/index.php?rest_route=\/wp\/v2\/posts\/182850\/revisions"}],"wp:featuredmedia":[{"embeddable":true,"href":"https:\/\/archive.sana.sy\/tr\/index.php?rest_route=\/wp\/v2\/media\/182851"}],"wp:attachment":[{"href":"https:\/\/archive.sana.sy\/tr\/index.php?rest_route=%2Fwp%2Fv2%2Fmedia&parent=182850"}],"wp:term":[{"taxonomy":"category","embeddable":true,"href":"https:\/\/archive.sana.sy\/tr\/index.php?rest_route=%2Fwp%2Fv2%2Fcategories&post=182850"},{"taxonomy":"post_tag","embeddable":true,"href":"https:\/\/archive.sana.sy\/tr\/index.php?rest_route=%2Fwp%2Fv2%2Ftags&post=182850"}],"curies":[{"name":"wp","href":"https:\/\/api.w.org\/{rel}","templated":true}]}}