{"id":183007,"date":"2019-05-18T12:10:40","date_gmt":"2019-05-18T09:10:40","guid":{"rendered":"http:\/\/www.sana.sy\/tr\/?p=183007"},"modified":"2019-05-19T13:44:03","modified_gmt":"2019-05-19T10:44:03","slug":"cin-yardimda-bulunmaya-hazir","status":"publish","type":"post","link":"https:\/\/archive.sana.sy\/tr\/?p=183007","title":{"rendered":"\u00c7in Yard\u0131mda Bulunmaya Haz\u0131r"},"content":{"rendered":"<p>PEK\u0130N \u2013 \u00c7in\u2019de d\u00fczenlenen Uluslararas\u0131 Sanal Zeka ve E\u011fitim Konferans\u0131nda Suriye\u2019yi temsil eden E\u011fitim Bakan\u0131 \u0130mad Azb \u00c7inli meslekta\u015f\u0131 Chen Baosheng ile g\u00f6r\u00fc\u015fmede bulundu. G\u00f6r\u00fc\u015fmede Suriye\u2019de ter\u00f6r sald\u0131r\u0131lar\u0131ndan dolay\u0131 hasar g\u00f6ren e\u011fitim merkezlerin yeniden yap\u0131lanma projeleri tart\u0131\u015f\u0131ld\u0131.<\/p>\n<p>G\u00f6r\u00fc\u015fmede Azb; sanal zeka kullan\u0131m\u0131n\u0131n geli\u015ftirmesine hedeflenen ulusal merkezin a\u00e7\u0131laca\u011f\u0131n\u0131 belirtti.<\/p>\n<p>\u00d6te yandan \u00c7in E\u011fitim Bakan\u0131 \u015eing; Suriye\u2019de sanal zeka sekt\u00f6r\u00fcn\u00fcn geli\u015ftirilmesini hedeflenen projelere ve ter\u00f6re kar\u015f\u0131 sava\u015fta hasar g\u00f6ren e\u011fitim merkezlerinin yeniden yap\u0131lanmalar\u0131nda \u00fclkesinin Suriye\u2019ye destek vermeye haz\u0131r oldu\u011funu ifade etti.<\/p>\n<p>\u00c7eviri: P.M.<\/p>\n","protected":false},"excerpt":{"rendered":"<p>PEK\u0130N \u2013 \u00c7in\u2019de d\u00fczenlenen Uluslararas\u0131 Sanal Zeka ve E\u011fitim Konferans\u0131nda Suriye\u2019yi temsil eden E\u011fitim Bakan\u0131 \u0130mad Azb \u00c7inli meslekta\u015f\u0131 Chen Baosheng ile g\u00f6r\u00fc\u015fmede bulundu. G\u00f6r\u00fc\u015fmede Suriye\u2019de ter\u00f6r sald\u0131r\u0131lar\u0131ndan dolay\u0131 hasar g\u00f6ren e\u011fitim merkezlerin yeniden yap\u0131lanma projeleri tart\u0131\u015f\u0131ld\u0131. G\u00f6r\u00fc\u015fmede Azb; sanal zeka kullan\u0131m\u0131n\u0131n geli\u015ftirmesine hedeflenen ulusal merkezin a\u00e7\u0131laca\u011f\u0131n\u0131 belirtti. \u00d6te yandan \u00c7in E\u011fitim Bakan\u0131 \u015eing; Suriye\u2019de &hellip;<\/p>\n","protected":false},"author":1,"featured_media":183008,"comment_status":"closed","ping_status":"closed","sticky":false,"template":"","format":"standard","meta":{"footnotes":""},"categories":[458,459,17988],"tags":[],"class_list":["post-183007","post","type-post","status-publish","format-standard","has-post-thumbnail","","category-dunya1","category-haberler-arap-uluslararasi-politika","category-son-haberler"],"_links":{"self":[{"href":"https:\/\/archive.sana.sy\/tr\/index.php?rest_route=\/wp\/v2\/posts\/183007","targetHints":{"allow":["GET"]}}],"collection":[{"href":"https:\/\/archive.sana.sy\/tr\/index.php?rest_route=\/wp\/v2\/posts"}],"about":[{"href":"https:\/\/archive.sana.sy\/tr\/index.php?rest_route=\/wp\/v2\/types\/post"}],"author":[{"embeddable":true,"href":"https:\/\/archive.sana.sy\/tr\/index.php?rest_route=\/wp\/v2\/users\/1"}],"replies":[{"embeddable":true,"href":"https:\/\/archive.sana.sy\/tr\/index.php?rest_route=%2Fwp%2Fv2%2Fcomments&post=183007"}],"version-history":[{"count":0,"href":"https:\/\/archive.sana.sy\/tr\/index.php?rest_route=\/wp\/v2\/posts\/183007\/revisions"}],"wp:featuredmedia":[{"embeddable":true,"href":"https:\/\/archive.sana.sy\/tr\/index.php?rest_route=\/wp\/v2\/media\/183008"}],"wp:attachment":[{"href":"https:\/\/archive.sana.sy\/tr\/index.php?rest_route=%2Fwp%2Fv2%2Fmedia&parent=183007"}],"wp:term":[{"taxonomy":"category","embeddable":true,"href":"https:\/\/archive.sana.sy\/tr\/index.php?rest_route=%2Fwp%2Fv2%2Fcategories&post=183007"},{"taxonomy":"post_tag","embeddable":true,"href":"https:\/\/archive.sana.sy\/tr\/index.php?rest_route=%2Fwp%2Fv2%2Ftags&post=183007"}],"curies":[{"name":"wp","href":"https:\/\/api.w.org\/{rel}","templated":true}]}}