{"id":183034,"date":"2019-05-19T13:50:08","date_gmt":"2019-05-19T10:50:08","guid":{"rendered":"http:\/\/www.sana.sy\/tr\/?p=183034"},"modified":"2019-05-19T13:52:21","modified_gmt":"2019-05-19T10:52:21","slug":"hama-kirsalinin-kuzeyi-ve-idlib-ilinde-bulunan-kiralik-teroristler-haam-kirsalinin-kuzeyi-hammamiyat-ekseninde-guvenli-sivil-yerlesim-alanlarina-fuze-ve-havan-roketleriyle-saldirdic","status":"publish","type":"post","link":"https:\/\/archive.sana.sy\/tr\/?p=183034","title":{"rendered":"Hama k\u0131rsal\u0131n\u0131n kuzeyi ve \u0130dlib \u0130linde bulunan kiral\u0131k ter\u00f6ristler Haam k\u0131rsal\u0131n\u0131n kuzeyi Hammamiyat ekseninde g\u00fcvenli sivil yerle\u015fim alanlar\u0131na f\u00fcze ve havan roketleriyle sald\u0131rd\u0131"},"content":{"rendered":"<p>Hama k\u0131rsal\u0131n\u0131n kuzeyi ve \u0130dlib \u0130linde bulunan kiral\u0131k ter\u00f6ristler Haam k\u0131rsal\u0131n\u0131n kuzeyi Hammamiyat ekseninde g\u00fcvenli sivil yerle\u015fim alanlar\u0131na f\u00fcze ve havan roketleriyle sald\u0131rd\u0131<\/p>\n","protected":false},"excerpt":{"rendered":"<p>Hama k\u0131rsal\u0131n\u0131n kuzeyi ve \u0130dlib \u0130linde bulunan kiral\u0131k ter\u00f6ristler Haam k\u0131rsal\u0131n\u0131n kuzeyi Hammamiyat ekseninde g\u00fcvenli sivil yerle\u015fim alanlar\u0131na f\u00fcze ve havan roketleriyle sald\u0131rd\u0131<\/p>\n","protected":false},"author":1,"featured_media":0,"comment_status":"closed","ping_status":"closed","sticky":false,"template":"","format":"standard","meta":{"footnotes":""},"categories":[17991],"tags":[],"class_list":["post-183034","post","type-post","status-publish","format-standard","","category-son-dakika"],"_links":{"self":[{"href":"https:\/\/archive.sana.sy\/tr\/index.php?rest_route=\/wp\/v2\/posts\/183034","targetHints":{"allow":["GET"]}}],"collection":[{"href":"https:\/\/archive.sana.sy\/tr\/index.php?rest_route=\/wp\/v2\/posts"}],"about":[{"href":"https:\/\/archive.sana.sy\/tr\/index.php?rest_route=\/wp\/v2\/types\/post"}],"author":[{"embeddable":true,"href":"https:\/\/archive.sana.sy\/tr\/index.php?rest_route=\/wp\/v2\/users\/1"}],"replies":[{"embeddable":true,"href":"https:\/\/archive.sana.sy\/tr\/index.php?rest_route=%2Fwp%2Fv2%2Fcomments&post=183034"}],"version-history":[{"count":0,"href":"https:\/\/archive.sana.sy\/tr\/index.php?rest_route=\/wp\/v2\/posts\/183034\/revisions"}],"wp:attachment":[{"href":"https:\/\/archive.sana.sy\/tr\/index.php?rest_route=%2Fwp%2Fv2%2Fmedia&parent=183034"}],"wp:term":[{"taxonomy":"category","embeddable":true,"href":"https:\/\/archive.sana.sy\/tr\/index.php?rest_route=%2Fwp%2Fv2%2Fcategories&post=183034"},{"taxonomy":"post_tag","embeddable":true,"href":"https:\/\/archive.sana.sy\/tr\/index.php?rest_route=%2Fwp%2Fv2%2Ftags&post=183034"}],"curies":[{"name":"wp","href":"https:\/\/api.w.org\/{rel}","templated":true}]}}