{"id":183051,"date":"2019-05-19T15:06:36","date_gmt":"2019-05-19T12:06:36","guid":{"rendered":"http:\/\/www.sana.sy\/tr\/?p=183051"},"modified":"2019-05-19T15:06:42","modified_gmt":"2019-05-19T12:06:42","slug":"homs-ilinin-guneydogusu-tenf-bolgesinde-bulunan-abd-gucleri-ve-onlara-tabi-radikal-teroristlerin-yillardir-insani-yardimlari-engelleyip-on-binlerce-sivili-de-tutsak-tuttuklari-rukban-kampindan-bugun-b","status":"publish","type":"post","link":"https:\/\/archive.sana.sy\/tr\/?p=183051","title":{"rendered":"Homs \u0130linin g\u00fcneydo\u011fusu Tenf B\u00f6lgesinde bulunan ABD g\u00fc\u00e7leri ve onlara tabi radikal ter\u00f6ristlerin y\u0131llard\u0131r insani yard\u0131mlar\u0131 engelleyip on binlerce sivili de tutsak tuttuklar\u0131 R\u00fckban Kamp\u0131ndan bug\u00fcn bir grup daha Cley\u011fim \u0130nsani Ge\u00e7idine ula\u015ft\u0131"},"content":{"rendered":"<p>Homs \u0130linin g\u00fcneydo\u011fusu Tenf B\u00f6lgesinde bulunan ABD g\u00fc\u00e7leri ve onlara tabi radikal ter\u00f6ristlerin y\u0131llard\u0131r insani yard\u0131mlar\u0131 engelleyip on binlerce sivili de tutsak tuttuklar\u0131 R\u00fckban Kamp\u0131ndan bug\u00fcn bir grup daha Cley\u011fim \u0130nsani Ge\u00e7idine ula\u015ft\u0131<\/p>\n","protected":false},"excerpt":{"rendered":"<p>Homs \u0130linin g\u00fcneydo\u011fusu Tenf B\u00f6lgesinde bulunan ABD g\u00fc\u00e7leri ve onlara tabi radikal ter\u00f6ristlerin y\u0131llard\u0131r insani yard\u0131mlar\u0131 engelleyip on binlerce sivili de tutsak tuttuklar\u0131 R\u00fckban Kamp\u0131ndan bug\u00fcn bir grup daha Cley\u011fim \u0130nsani Ge\u00e7idine ula\u015ft\u0131<\/p>\n","protected":false},"author":1,"featured_media":0,"comment_status":"closed","ping_status":"closed","sticky":false,"template":"","format":"standard","meta":{"footnotes":""},"categories":[17991],"tags":[],"class_list":["post-183051","post","type-post","status-publish","format-standard","","category-son-dakika"],"_links":{"self":[{"href":"https:\/\/archive.sana.sy\/tr\/index.php?rest_route=\/wp\/v2\/posts\/183051","targetHints":{"allow":["GET"]}}],"collection":[{"href":"https:\/\/archive.sana.sy\/tr\/index.php?rest_route=\/wp\/v2\/posts"}],"about":[{"href":"https:\/\/archive.sana.sy\/tr\/index.php?rest_route=\/wp\/v2\/types\/post"}],"author":[{"embeddable":true,"href":"https:\/\/archive.sana.sy\/tr\/index.php?rest_route=\/wp\/v2\/users\/1"}],"replies":[{"embeddable":true,"href":"https:\/\/archive.sana.sy\/tr\/index.php?rest_route=%2Fwp%2Fv2%2Fcomments&post=183051"}],"version-history":[{"count":0,"href":"https:\/\/archive.sana.sy\/tr\/index.php?rest_route=\/wp\/v2\/posts\/183051\/revisions"}],"wp:attachment":[{"href":"https:\/\/archive.sana.sy\/tr\/index.php?rest_route=%2Fwp%2Fv2%2Fmedia&parent=183051"}],"wp:term":[{"taxonomy":"category","embeddable":true,"href":"https:\/\/archive.sana.sy\/tr\/index.php?rest_route=%2Fwp%2Fv2%2Fcategories&post=183051"},{"taxonomy":"post_tag","embeddable":true,"href":"https:\/\/archive.sana.sy\/tr\/index.php?rest_route=%2Fwp%2Fv2%2Ftags&post=183051"}],"curies":[{"name":"wp","href":"https:\/\/api.w.org\/{rel}","templated":true}]}}