{"id":183053,"date":"2019-05-19T15:12:59","date_gmt":"2019-05-19T12:12:59","guid":{"rendered":"http:\/\/www.sana.sy\/tr\/?p=183053"},"modified":"2019-05-20T13:01:46","modified_gmt":"2019-05-20T10:01:46","slug":"tutsakliktan-kurtulmanin-sevincini-ifade-ettiler","status":"publish","type":"post","link":"https:\/\/archive.sana.sy\/tr\/?p=183053","title":{"rendered":"Tutsakl\u0131ktan Kurtulman\u0131n Sevincini \u0130fade Ettiler (V\u0130DEO)"},"content":{"rendered":"<p>HOMS \u2013 Homs \u0130linin g\u00fcneydo\u011fusu Tenf B\u00f6lgesinde bulunan ABD g\u00fc\u00e7leri ve onlara tabi radikal ter\u00f6ristlerin y\u0131llard\u0131r insani yard\u0131mlar\u0131 engelleyip on binlerce sivili tutsak tuttuklar\u0131 R\u00fckban Kamp\u0131ndan bug\u00fcn bir grup daha Cley\u011fim \u0130nsani Ge\u00e7idine ula\u015ft\u0131.<\/p>\n<p>Y\u0131llard\u0131r ABD g\u00fc\u00e7leri ve onlara tabi kiral\u0131k ter\u00f6ristlerin bask\u0131 ve dayatmalar\u0131na maruz kalan vatanda\u015flar insani ge\u00e7itte bulunan ekipler taraf\u0131ndan kar\u015f\u0131land\u0131. S\u00f6z konusu vatanda\u015flar\u0131n temel gereksinimleri temin edilmesi ard\u0131ndan resmi kay\u0131tlar\u0131 yap\u0131ld\u0131. Vatanda\u015flar ard\u0131ndan farkl\u0131 b\u00f6lgelerde bulunan belde ve k\u00f6ylerine aktar\u0131l\u0131rken, bir k\u0131sm\u0131 da ge\u00e7ici ikamet merkezlerine yerle\u015ftirildi.<\/p>\n<p>\u00c7ocuklar dahil ter\u00f6r ve tutsakl\u0131ktan kurtulman\u0131n sevincini ifade eden vatanda\u015flar; y\u0131llard\u0131r \u00e7ektikleri ac\u0131lardan sonra evlerine d\u00f6nmelerinin verdi\u011fi huzur ve mutlulu\u011fu ifade etti.<\/p>\n<p><iframe loading=\"lazy\" title=\"\u0639\u0648\u062f\u0629 \u062f\u0641\u0639\u0629 \u062c\u062f\u064a\u062f\u0629 \u0645\u0646 \u0627\u0644\u0645\u0647\u062c\u0631\u064a\u0646 \u0627\u0644\u0633\u0648\u0631\u064a\u064a\u0646 \u0645\u0646 \u0645\u062e\u064a\u0645 \u0627\u0644\u0631\u0643\u0628\u0627\u0646 \u0639\u0628\u0631 \u0645\u0645\u0631 \u062c\u0644\u064a\u063a\u0645 \u0628\u0631\u064a\u0641 \u062d\u0645\u0635\" width=\"618\" height=\"348\" src=\"https:\/\/www.youtube.com\/embed\/nFBAZohc_k4?feature=oembed\" frameborder=\"0\" allow=\"accelerometer; autoplay; clipboard-write; encrypted-media; gyroscope; picture-in-picture; web-share\" referrerpolicy=\"strict-origin-when-cross-origin\" allowfullscreen><\/iframe><\/p>\n","protected":false},"excerpt":{"rendered":"<p>HOMS \u2013 Homs \u0130linin g\u00fcneydo\u011fusu Tenf B\u00f6lgesinde bulunan ABD g\u00fc\u00e7leri ve onlara tabi radikal ter\u00f6ristlerin y\u0131llard\u0131r insani yard\u0131mlar\u0131 engelleyip on binlerce sivili tutsak tuttuklar\u0131 R\u00fckban Kamp\u0131ndan bug\u00fcn bir grup daha Cley\u011fim \u0130nsani Ge\u00e7idine ula\u015ft\u0131. Y\u0131llard\u0131r ABD g\u00fc\u00e7leri ve onlara tabi kiral\u0131k ter\u00f6ristlerin bask\u0131 ve dayatmalar\u0131na maruz kalan vatanda\u015flar insani ge\u00e7itte bulunan ekipler taraf\u0131ndan kar\u015f\u0131land\u0131. S\u00f6z &hellip;<\/p>\n","protected":false},"author":1,"featured_media":183056,"comment_status":"closed","ping_status":"closed","sticky":false,"template":"","format":"standard","meta":{"footnotes":""},"categories":[479,575,17988,478],"tags":[],"class_list":["post-183053","post","type-post","status-publish","format-standard","has-post-thumbnail","","category-haberler-yerel","category-olaylar-ve-gercekler","category-son-haberler","category-yerel"],"_links":{"self":[{"href":"https:\/\/archive.sana.sy\/tr\/index.php?rest_route=\/wp\/v2\/posts\/183053","targetHints":{"allow":["GET"]}}],"collection":[{"href":"https:\/\/archive.sana.sy\/tr\/index.php?rest_route=\/wp\/v2\/posts"}],"about":[{"href":"https:\/\/archive.sana.sy\/tr\/index.php?rest_route=\/wp\/v2\/types\/post"}],"author":[{"embeddable":true,"href":"https:\/\/archive.sana.sy\/tr\/index.php?rest_route=\/wp\/v2\/users\/1"}],"replies":[{"embeddable":true,"href":"https:\/\/archive.sana.sy\/tr\/index.php?rest_route=%2Fwp%2Fv2%2Fcomments&post=183053"}],"version-history":[{"count":0,"href":"https:\/\/archive.sana.sy\/tr\/index.php?rest_route=\/wp\/v2\/posts\/183053\/revisions"}],"wp:featuredmedia":[{"embeddable":true,"href":"https:\/\/archive.sana.sy\/tr\/index.php?rest_route=\/wp\/v2\/media\/183056"}],"wp:attachment":[{"href":"https:\/\/archive.sana.sy\/tr\/index.php?rest_route=%2Fwp%2Fv2%2Fmedia&parent=183053"}],"wp:term":[{"taxonomy":"category","embeddable":true,"href":"https:\/\/archive.sana.sy\/tr\/index.php?rest_route=%2Fwp%2Fv2%2Fcategories&post=183053"},{"taxonomy":"post_tag","embeddable":true,"href":"https:\/\/archive.sana.sy\/tr\/index.php?rest_route=%2Fwp%2Fv2%2Ftags&post=183053"}],"curies":[{"name":"wp","href":"https:\/\/api.w.org\/{rel}","templated":true}]}}