{"id":183156,"date":"2019-05-21T13:18:24","date_gmt":"2019-05-21T10:18:24","guid":{"rendered":"http:\/\/www.sana.sy\/tr\/?p=183156"},"modified":"2019-05-22T13:11:10","modified_gmt":"2019-05-22T10:11:10","slug":"isid-teroristlerini-turk-gemisi-tasidi","status":"publish","type":"post","link":"https:\/\/archive.sana.sy\/tr\/?p=183156","title":{"rendered":"I\u015e\u0130D Ter\u00f6ristlerini T\u00fcrk Gemisi Ta\u015f\u0131d\u0131"},"content":{"rendered":"<p>TRABLUS \u2013 Libya deniz donanmas\u0131nda Albay Ebu Bekir el Bedri ge\u00e7en Cumartesi g\u00fcn\u00fc Trablus Liman\u0131na demir atan Amazon adl\u0131 T\u00fcrkiye band\u0131ral\u0131 b\u00fcy\u00fck geminin geneli I\u015e\u0130D\u2019li olmak \u00fczere y\u00fcksek say\u0131da ter\u00f6risti Libya\u2019ya ta\u015f\u0131d\u0131\u011f\u0131n\u0131 de\u015fifre etti.<\/p>\n<p>Bedri Libya Web Sitesinin aktard\u0131\u011f\u0131 a\u00e7\u0131klamalar\u0131nda; \u201cVifak H\u00fck\u00fcmeti\u201d adl\u0131 olu\u015fuma muhtelif t\u00fcr b\u00fcy\u00fck mitarda silah ta\u015f\u0131yan T\u00fcrkiye band\u0131ral\u0131 geminin ayn\u0131 zamanda i\u00e7inde I\u015e\u0130D\u2019li y\u00fcksek say\u0131da ter\u00f6rist ta\u015f\u0131d\u0131\u011f\u0131n\u0131 vurgulad\u0131. Bedri I\u015e\u0130D\u2019li bu radikal ter\u00f6ristlerin T\u00fcrkiye taraf\u0131ndan Suriye ve Irak\u2019tan Libya\u2019ya aktar\u0131ld\u0131klar\u0131n\u0131n alt\u0131n\u0131 \u00e7izdi.<\/p>\n<p>T\u00fcrkiye&#8217;nin ayn\u0131 zamanda u\u011frad\u0131klar\u0131 b\u00fcy\u00fck kay\u0131plar ard\u0131ndan \u201cVifak H\u00fck\u00fcmeti\u201d adl\u0131 olu\u015fuma tabi gruplar\u0131n silah ve cephane kay\u0131plar\u0131n\u0131 telafi etti\u011fini ifade eden Bedri; bu gruplara ait bir\u00e7ok cephane deposunun Libya ordusu taraf\u0131ndan imha edildi\u011fini kaydetti.<\/p>\n","protected":false},"excerpt":{"rendered":"<p>TRABLUS \u2013 Libya deniz donanmas\u0131nda Albay Ebu Bekir el Bedri ge\u00e7en Cumartesi g\u00fcn\u00fc Trablus Liman\u0131na demir atan Amazon adl\u0131 T\u00fcrkiye band\u0131ral\u0131 b\u00fcy\u00fck geminin geneli I\u015e\u0130D\u2019li olmak \u00fczere y\u00fcksek say\u0131da ter\u00f6risti Libya\u2019ya ta\u015f\u0131d\u0131\u011f\u0131n\u0131 de\u015fifre etti. Bedri Libya Web Sitesinin aktard\u0131\u011f\u0131 a\u00e7\u0131klamalar\u0131nda; \u201cVifak H\u00fck\u00fcmeti\u201d adl\u0131 olu\u015fuma muhtelif t\u00fcr b\u00fcy\u00fck mitarda silah ta\u015f\u0131yan T\u00fcrkiye band\u0131ral\u0131 geminin ayn\u0131 zamanda &hellip;<\/p>\n","protected":false},"author":1,"featured_media":183157,"comment_status":"closed","ping_status":"closed","sticky":false,"template":"","format":"standard","meta":{"footnotes":""},"categories":[458,459,17988,2554,2555],"tags":[],"class_list":["post-183156","post","type-post","status-publish","format-standard","has-post-thumbnail","","category-dunya1","category-haberler-arap-uluslararasi-politika","category-son-haberler","category-suriye-ve-dunya","category-suriye-ve-turkiye"],"_links":{"self":[{"href":"https:\/\/archive.sana.sy\/tr\/index.php?rest_route=\/wp\/v2\/posts\/183156","targetHints":{"allow":["GET"]}}],"collection":[{"href":"https:\/\/archive.sana.sy\/tr\/index.php?rest_route=\/wp\/v2\/posts"}],"about":[{"href":"https:\/\/archive.sana.sy\/tr\/index.php?rest_route=\/wp\/v2\/types\/post"}],"author":[{"embeddable":true,"href":"https:\/\/archive.sana.sy\/tr\/index.php?rest_route=\/wp\/v2\/users\/1"}],"replies":[{"embeddable":true,"href":"https:\/\/archive.sana.sy\/tr\/index.php?rest_route=%2Fwp%2Fv2%2Fcomments&post=183156"}],"version-history":[{"count":0,"href":"https:\/\/archive.sana.sy\/tr\/index.php?rest_route=\/wp\/v2\/posts\/183156\/revisions"}],"wp:featuredmedia":[{"embeddable":true,"href":"https:\/\/archive.sana.sy\/tr\/index.php?rest_route=\/wp\/v2\/media\/183157"}],"wp:attachment":[{"href":"https:\/\/archive.sana.sy\/tr\/index.php?rest_route=%2Fwp%2Fv2%2Fmedia&parent=183156"}],"wp:term":[{"taxonomy":"category","embeddable":true,"href":"https:\/\/archive.sana.sy\/tr\/index.php?rest_route=%2Fwp%2Fv2%2Fcategories&post=183156"},{"taxonomy":"post_tag","embeddable":true,"href":"https:\/\/archive.sana.sy\/tr\/index.php?rest_route=%2Fwp%2Fv2%2Ftags&post=183156"}],"curies":[{"name":"wp","href":"https:\/\/api.w.org\/{rel}","templated":true}]}}