{"id":183159,"date":"2019-05-21T13:24:05","date_gmt":"2019-05-21T10:24:05","guid":{"rendered":"http:\/\/www.sana.sy\/tr\/?p=183159"},"modified":"2019-05-22T13:11:14","modified_gmt":"2019-05-22T10:11:14","slug":"grosbich-er-ya-da-gec-mutlaka-son-bulacak","status":"publish","type":"post","link":"https:\/\/archive.sana.sy\/tr\/?p=183159","title":{"rendered":"Grosbich: Er ya da Ge\u00e7 Mutlaka Son Bulacak"},"content":{"rendered":"<p>PRAG \u2013 \u00c7ek Cumhuriyeti Parlamentosunda Suriye \u00c7ek Parlamenter Dostluk Grubu ba\u015fkan\u0131 Stanislav Grosbich; Avrupa Birli\u011finin Suriye ve halk\u0131na y\u00f6nelik ekonomik yapt\u0131r\u0131mlar\u0131n s\u00fcresini uzatmas\u0131ndan as\u0131l amac\u0131n, Suriye&#8217;de arta kalan ter\u00f6r kal\u0131nt\u0131lar\u0131n\u0131 yok etmeyi engellemek oldu\u011funu vurgulad\u0131.<\/p>\n<p>Prag\u2019da SANA muhabirine a\u00e7\u0131klama yapan Grosbich;\u00a0 AB\u2019nin yapt\u0131r\u0131mlar\u0131 uzatma karar\u0131ndan ayn\u0131 zamanda Suriye&#8217;de \u00e7\u00f6z\u00fcm ve sava\u015f\u0131 sonland\u0131r\u0131p Suriye halk\u0131n\u0131n ac\u0131lar\u0131na son verme, yeniden yap\u0131lanma s\u00fcrecini ba\u015flatma ve hizmet kurumlar\u0131n\u0131 onarma \u00e7abalar\u0131n\u0131 sabote etmek oldu\u011funun alt\u0131n\u0131 \u00e7izdi.<\/p>\n<p>Grosbich bu yapt\u0131r\u0131mlar\u0131n daha \u00e7ok Suriye halk\u0131n\u0131 olumsuz etkiledi\u011fine dikkat \u00e7eken Grosbich; ayn\u0131 zamanda AB \u00fclkelerini de ciddi anlamda olumsuz etkiledi\u011fini vurgulad\u0131.<\/p>\n<p>Grosbich bu yapt\u0131r\u0131mlar\u0131n uluslararas\u0131 kanun ve kararlara ayk\u0131r\u0131 oldu\u011funu ifade ederken; er ya da ge\u00e7 mutlaka son bulaca\u011f\u0131na inand\u0131\u011f\u0131n\u0131 belirtti.<\/p>\n","protected":false},"excerpt":{"rendered":"<p>PRAG \u2013 \u00c7ek Cumhuriyeti Parlamentosunda Suriye \u00c7ek Parlamenter Dostluk Grubu ba\u015fkan\u0131 Stanislav Grosbich; Avrupa Birli\u011finin Suriye ve halk\u0131na y\u00f6nelik ekonomik yapt\u0131r\u0131mlar\u0131n s\u00fcresini uzatmas\u0131ndan as\u0131l amac\u0131n, Suriye&#8217;de arta kalan ter\u00f6r kal\u0131nt\u0131lar\u0131n\u0131 yok etmeyi engellemek oldu\u011funu vurgulad\u0131. Prag\u2019da SANA muhabirine a\u00e7\u0131klama yapan Grosbich;\u00a0 AB\u2019nin yapt\u0131r\u0131mlar\u0131 uzatma karar\u0131ndan ayn\u0131 zamanda Suriye&#8217;de \u00e7\u00f6z\u00fcm ve sava\u015f\u0131 sonland\u0131r\u0131p Suriye halk\u0131n\u0131n ac\u0131lar\u0131na &hellip;<\/p>\n","protected":false},"author":1,"featured_media":183160,"comment_status":"closed","ping_status":"closed","sticky":false,"template":"","format":"standard","meta":{"footnotes":""},"categories":[458,459,17988],"tags":[],"class_list":["post-183159","post","type-post","status-publish","format-standard","has-post-thumbnail","","category-dunya1","category-haberler-arap-uluslararasi-politika","category-son-haberler"],"_links":{"self":[{"href":"https:\/\/archive.sana.sy\/tr\/index.php?rest_route=\/wp\/v2\/posts\/183159","targetHints":{"allow":["GET"]}}],"collection":[{"href":"https:\/\/archive.sana.sy\/tr\/index.php?rest_route=\/wp\/v2\/posts"}],"about":[{"href":"https:\/\/archive.sana.sy\/tr\/index.php?rest_route=\/wp\/v2\/types\/post"}],"author":[{"embeddable":true,"href":"https:\/\/archive.sana.sy\/tr\/index.php?rest_route=\/wp\/v2\/users\/1"}],"replies":[{"embeddable":true,"href":"https:\/\/archive.sana.sy\/tr\/index.php?rest_route=%2Fwp%2Fv2%2Fcomments&post=183159"}],"version-history":[{"count":0,"href":"https:\/\/archive.sana.sy\/tr\/index.php?rest_route=\/wp\/v2\/posts\/183159\/revisions"}],"wp:featuredmedia":[{"embeddable":true,"href":"https:\/\/archive.sana.sy\/tr\/index.php?rest_route=\/wp\/v2\/media\/183160"}],"wp:attachment":[{"href":"https:\/\/archive.sana.sy\/tr\/index.php?rest_route=%2Fwp%2Fv2%2Fmedia&parent=183159"}],"wp:term":[{"taxonomy":"category","embeddable":true,"href":"https:\/\/archive.sana.sy\/tr\/index.php?rest_route=%2Fwp%2Fv2%2Fcategories&post=183159"},{"taxonomy":"post_tag","embeddable":true,"href":"https:\/\/archive.sana.sy\/tr\/index.php?rest_route=%2Fwp%2Fv2%2Ftags&post=183159"}],"curies":[{"name":"wp","href":"https:\/\/api.w.org\/{rel}","templated":true}]}}