{"id":183162,"date":"2019-05-21T13:32:04","date_gmt":"2019-05-21T10:32:04","guid":{"rendered":"http:\/\/www.sana.sy\/tr\/?p=183162"},"modified":"2019-05-22T13:11:18","modified_gmt":"2019-05-22T10:11:18","slug":"aldiklari-destek-nedeniyle-hala-saldiri-gucune-sahipler","status":"publish","type":"post","link":"https:\/\/archive.sana.sy\/tr\/?p=183162","title":{"rendered":"Ald\u0131klar\u0131 Destek Nedeniyle Hala Sald\u0131r\u0131 G\u00fcc\u00fcne Sahipler"},"content":{"rendered":"<p>DU\u015eANBE \u2013 Rusya Federal G\u00fcvenlik Servisi M\u00fcd\u00fcr\u00fc Alexander Portnikov; ter\u00f6ristlerin Suriye ve Irak\u2019ta a\u011f\u0131r hezimetlere u\u011frat\u0131lmalar\u0131na ra\u011fmen hala d\u00fcnya genelinde ter\u00f6r eylemleri d\u00fczenleme g\u00fcc\u00fcne sahip olduklar\u0131n\u0131 belirtti.<\/p>\n<p>Ba\u011f\u0131ms\u0131z devletler g\u00fcvenlik servislerinin Tacikistan\u2019\u0131n ba\u015fkenti Du\u015fanbe\u2019de d\u00fczenledikleri toplant\u0131da konu\u015fan Portnikov; ter\u00f6ristlerin Suriye ve Irak\u2019ta olduk\u00e7a b\u00fcy\u00fck hezimetlere u\u011frad\u0131klar\u0131n\u0131 s\u00f6yledi. Portnikov fakat buna ra\u011fmen s\u00f6z konusu ter\u00f6ristlerin belli ba\u015fl\u0131 devletler ve g\u00fc\u00e7lerden ald\u0131klar\u0131 destek nedeniyle d\u00fcnya genelinde ter\u00f6r sald\u0131r\u0131lar\u0131 d\u00fczenleme g\u00fcc\u00fcne sahip olduklar\u0131n\u0131 ifade etti.<\/p>\n<p>Radikal ter\u00f6ristlerin son olarak \u00fclkelerine d\u00f6nen ter\u00f6ristlerin e\u015f ve \u00e7ocuklar\u0131n\u0131 ter\u00f6r eylemleri d\u00fczenlemede kullanmay\u0131 planlad\u0131klar\u0131na dikkat \u00e7eken Portnikov; bir k\u0131s\u0131m ter\u00f6ristlerin Kuzey Afrika ve G\u00fcneydo\u011fu Aya\u2019da yeni ter\u00f6r merkezleri kurma \u00e7abas\u0131nda olduklar\u0131n\u0131 vurgulad\u0131.<\/p>\n","protected":false},"excerpt":{"rendered":"<p>DU\u015eANBE \u2013 Rusya Federal G\u00fcvenlik Servisi M\u00fcd\u00fcr\u00fc Alexander Portnikov; ter\u00f6ristlerin Suriye ve Irak\u2019ta a\u011f\u0131r hezimetlere u\u011frat\u0131lmalar\u0131na ra\u011fmen hala d\u00fcnya genelinde ter\u00f6r eylemleri d\u00fczenleme g\u00fcc\u00fcne sahip olduklar\u0131n\u0131 belirtti. Ba\u011f\u0131ms\u0131z devletler g\u00fcvenlik servislerinin Tacikistan\u2019\u0131n ba\u015fkenti Du\u015fanbe\u2019de d\u00fczenledikleri toplant\u0131da konu\u015fan Portnikov; ter\u00f6ristlerin Suriye ve Irak\u2019ta olduk\u00e7a b\u00fcy\u00fck hezimetlere u\u011frad\u0131klar\u0131n\u0131 s\u00f6yledi. Portnikov fakat buna ra\u011fmen s\u00f6z konusu ter\u00f6ristlerin belli &hellip;<\/p>\n","protected":false},"author":1,"featured_media":183163,"comment_status":"closed","ping_status":"closed","sticky":false,"template":"","format":"standard","meta":{"footnotes":""},"categories":[458,459,17988],"tags":[],"class_list":["post-183162","post","type-post","status-publish","format-standard","has-post-thumbnail","","category-dunya1","category-haberler-arap-uluslararasi-politika","category-son-haberler"],"_links":{"self":[{"href":"https:\/\/archive.sana.sy\/tr\/index.php?rest_route=\/wp\/v2\/posts\/183162","targetHints":{"allow":["GET"]}}],"collection":[{"href":"https:\/\/archive.sana.sy\/tr\/index.php?rest_route=\/wp\/v2\/posts"}],"about":[{"href":"https:\/\/archive.sana.sy\/tr\/index.php?rest_route=\/wp\/v2\/types\/post"}],"author":[{"embeddable":true,"href":"https:\/\/archive.sana.sy\/tr\/index.php?rest_route=\/wp\/v2\/users\/1"}],"replies":[{"embeddable":true,"href":"https:\/\/archive.sana.sy\/tr\/index.php?rest_route=%2Fwp%2Fv2%2Fcomments&post=183162"}],"version-history":[{"count":0,"href":"https:\/\/archive.sana.sy\/tr\/index.php?rest_route=\/wp\/v2\/posts\/183162\/revisions"}],"wp:featuredmedia":[{"embeddable":true,"href":"https:\/\/archive.sana.sy\/tr\/index.php?rest_route=\/wp\/v2\/media\/183163"}],"wp:attachment":[{"href":"https:\/\/archive.sana.sy\/tr\/index.php?rest_route=%2Fwp%2Fv2%2Fmedia&parent=183162"}],"wp:term":[{"taxonomy":"category","embeddable":true,"href":"https:\/\/archive.sana.sy\/tr\/index.php?rest_route=%2Fwp%2Fv2%2Fcategories&post=183162"},{"taxonomy":"post_tag","embeddable":true,"href":"https:\/\/archive.sana.sy\/tr\/index.php?rest_route=%2Fwp%2Fv2%2Ftags&post=183162"}],"curies":[{"name":"wp","href":"https:\/\/api.w.org\/{rel}","templated":true}]}}