{"id":183170,"date":"2019-05-21T13:39:19","date_gmt":"2019-05-21T10:39:19","guid":{"rendered":"http:\/\/www.sana.sy\/tr\/?p=183170"},"modified":"2019-05-22T13:11:22","modified_gmt":"2019-05-22T10:11:22","slug":"iki-yil-sonra-fabrika-yeniden-calistirildi","status":"publish","type":"post","link":"https:\/\/archive.sana.sy\/tr\/?p=183170","title":{"rendered":"\u0130ki Y\u0131l Sonra Fabrika Yeniden \u00c7al\u0131\u015ft\u0131r\u0131ld\u0131"},"content":{"rendered":"<p>HOMS \u2013 Homs \u015eeker \u015eirketi iki y\u0131l s\u00fcren aradan sonra \u015feker fabrikas\u0131n\u0131 yeniden \u00e7al\u0131\u015ft\u0131rarak 15 bin ton beyaz \u015feker \u00fcretmeyi planl\u0131yor.<\/p>\n<p>\u015eirket Genel M\u00fcd\u00fcr\u00fc Abdo Mahmut k\u0131rm\u0131z\u0131 \u015fekeri ar\u0131tma ve i\u015fleme s\u00fcrecinin yakla\u015f\u0131k 4 ay s\u00fcre ald\u0131\u011f\u0131n\u0131 ifade ederken, bu s\u00fcre i\u00e7inde 13 bin ton beyaz \u015feker \u00fcretilece\u011fini a\u00e7\u0131klad\u0131. Mahmut \u00fcretilecek \u015fekerin sat\u0131\u015f\u0131 konusunda kamu kurumlar\u0131 ile gerekli s\u00f6zle\u015fmelerin yap\u0131ld\u0131\u011f\u0131n\u0131 s\u00f6yledi.<\/p>\n<p>\u015eirkete tabi maya fabrikas\u0131n\u0131n \u00fcretime devam etti\u011fini kaydeden Mahmut; Homs, Lazkiye, Tartus ve Hama illerinin maya ihtiyac\u0131n\u0131 kar\u015f\u0131layan bu \u015firketin Nisan ay\u0131 sonuna dek bu y\u0131l 2184 ton maya \u00fcretti\u011fini s\u00f6yledi.<\/p>\n<p>Mahmut \u015firkete tabi ya\u011f fabrikas\u0131n\u0131n da Mart ve Nisan aylar\u0131nda \u00fcretime girdi\u011fini ifade etti.<\/p>\n","protected":false},"excerpt":{"rendered":"<p>HOMS \u2013 Homs \u015eeker \u015eirketi iki y\u0131l s\u00fcren aradan sonra \u015feker fabrikas\u0131n\u0131 yeniden \u00e7al\u0131\u015ft\u0131rarak 15 bin ton beyaz \u015feker \u00fcretmeyi planl\u0131yor. \u015eirket Genel M\u00fcd\u00fcr\u00fc Abdo Mahmut k\u0131rm\u0131z\u0131 \u015fekeri ar\u0131tma ve i\u015fleme s\u00fcrecinin yakla\u015f\u0131k 4 ay s\u00fcre ald\u0131\u011f\u0131n\u0131 ifade ederken, bu s\u00fcre i\u00e7inde 13 bin ton beyaz \u015feker \u00fcretilece\u011fini a\u00e7\u0131klad\u0131. Mahmut \u00fcretilecek \u015fekerin sat\u0131\u015f\u0131 konusunda kamu &hellip;<\/p>\n","protected":false},"author":1,"featured_media":183171,"comment_status":"closed","ping_status":"closed","sticky":false,"template":"","format":"standard","meta":{"footnotes":""},"categories":[485,486,479,17988,478],"tags":[],"class_list":["post-183170","post","type-post","status-publish","format-standard","has-post-thumbnail","","category-is-ve-sermaye","category-haberler-is-ve-sermaye","category-haberler-yerel","category-son-haberler","category-yerel"],"_links":{"self":[{"href":"https:\/\/archive.sana.sy\/tr\/index.php?rest_route=\/wp\/v2\/posts\/183170","targetHints":{"allow":["GET"]}}],"collection":[{"href":"https:\/\/archive.sana.sy\/tr\/index.php?rest_route=\/wp\/v2\/posts"}],"about":[{"href":"https:\/\/archive.sana.sy\/tr\/index.php?rest_route=\/wp\/v2\/types\/post"}],"author":[{"embeddable":true,"href":"https:\/\/archive.sana.sy\/tr\/index.php?rest_route=\/wp\/v2\/users\/1"}],"replies":[{"embeddable":true,"href":"https:\/\/archive.sana.sy\/tr\/index.php?rest_route=%2Fwp%2Fv2%2Fcomments&post=183170"}],"version-history":[{"count":0,"href":"https:\/\/archive.sana.sy\/tr\/index.php?rest_route=\/wp\/v2\/posts\/183170\/revisions"}],"wp:featuredmedia":[{"embeddable":true,"href":"https:\/\/archive.sana.sy\/tr\/index.php?rest_route=\/wp\/v2\/media\/183171"}],"wp:attachment":[{"href":"https:\/\/archive.sana.sy\/tr\/index.php?rest_route=%2Fwp%2Fv2%2Fmedia&parent=183170"}],"wp:term":[{"taxonomy":"category","embeddable":true,"href":"https:\/\/archive.sana.sy\/tr\/index.php?rest_route=%2Fwp%2Fv2%2Fcategories&post=183170"},{"taxonomy":"post_tag","embeddable":true,"href":"https:\/\/archive.sana.sy\/tr\/index.php?rest_route=%2Fwp%2Fv2%2Ftags&post=183170"}],"curies":[{"name":"wp","href":"https:\/\/api.w.org\/{rel}","templated":true}]}}