{"id":183183,"date":"2019-05-21T13:56:07","date_gmt":"2019-05-21T10:56:07","guid":{"rendered":"http:\/\/www.sana.sy\/tr\/?p=183183"},"modified":"2019-05-22T15:47:36","modified_gmt":"2019-05-22T12:47:36","slug":"ihlal-ve-saldirilarina-karsi-koyma-operasyonlari-basariyla-devam-ediyor","status":"publish","type":"post","link":"https:\/\/archive.sana.sy\/tr\/?p=183183","title":{"rendered":"\u0130hlal ve Sald\u0131r\u0131lar\u0131na Kar\u015f\u0131 Koyma Operasyonlar\u0131 Ba\u015far\u0131yla Devam Ediyor"},"content":{"rendered":"<p>HAMA \u2013 Vatan koruyucular\u0131 ordu birliklerimiz Hama k\u0131rsal\u0131nda gerginli\u011fi azaltma anla\u015fmas\u0131na ihlallerini ve masum sivilleri gaddarca bombalamaya devam eden belli ba\u015fl\u0131 d\u0131\u015f g\u00fc\u00e7lerin edatlar\u0131 ter\u00f6ristlere kar\u015f\u0131 koymaya devam ediyor.<\/p>\n<p>SANA\u2019n\u0131n Hama muhabiri Hama k\u0131rsal\u0131n\u0131n kuzeyinde g\u00fcvenli b\u00f6lgeleri ve vatanda\u015flar\u0131n g\u00fcvenli\u011fini koruma hedefiyle bulunan vatan koruyucular\u0131m\u0131z\u0131n bug\u00fcn Hama k\u0131rsal\u0131n\u0131n kuzeyi \u015eah\u015febbo Da\u011f\u0131 B\u00f6lgesindeki Sahriye ve Kruvtiyye beldelerinde civar b\u00f6lgelere sald\u0131rmaya \u00e7al\u0131\u015fan Nusra Cepheli ter\u00f6ristlere kar\u015f\u0131 koyduklar\u0131n\u0131 belirtti. Muhabir dakik ve nitelikli operasyonlar sonucunda ter\u00f6ristlere ait olan ve bir k\u0131sm\u0131 cephane dolu olan bir\u00e7ok yuvan\u0131n muhtevalar\u0131yla imha edildiklerini aktard\u0131.<\/p>\n<p>Belli ba\u015fl\u0131 d\u0131\u015f g\u00fc\u00e7lerin talimat ve deste\u011fi ile hareket eden Nusra Cephesi ve ona tabi ter\u00f6ristler bug\u00fcn Hama k\u0131rsal\u0131n\u0131n kuzeyi Breydic ve Kfarnebbuda beldelerine f\u00fcze sald\u0131r\u0131lar\u0131nda bulunduklar\u0131n\u0131 ifade eden muhabir; kahraman ordu birliklerimizin sald\u0131r\u0131da bulunan ter\u00f6ristlerin mevkilerini tespit edip ba\u015far\u0131yla imha ettiklerine dikkat \u00e7ekti.<\/p>\n","protected":false},"excerpt":{"rendered":"<p>HAMA \u2013 Vatan koruyucular\u0131 ordu birliklerimiz Hama k\u0131rsal\u0131nda gerginli\u011fi azaltma anla\u015fmas\u0131na ihlallerini ve masum sivilleri gaddarca bombalamaya devam eden belli ba\u015fl\u0131 d\u0131\u015f g\u00fc\u00e7lerin edatlar\u0131 ter\u00f6ristlere kar\u015f\u0131 koymaya devam ediyor. SANA\u2019n\u0131n Hama muhabiri Hama k\u0131rsal\u0131n\u0131n kuzeyinde g\u00fcvenli b\u00f6lgeleri ve vatanda\u015flar\u0131n g\u00fcvenli\u011fini koruma hedefiyle bulunan vatan koruyucular\u0131m\u0131z\u0131n bug\u00fcn Hama k\u0131rsal\u0131n\u0131n kuzeyi \u015eah\u015febbo Da\u011f\u0131 B\u00f6lgesindeki Sahriye ve Kruvtiyye &hellip;<\/p>\n","protected":false},"author":1,"featured_media":183184,"comment_status":"closed","ping_status":"closed","sticky":false,"template":"","format":"standard","meta":{"footnotes":""},"categories":[479,575,17988,478],"tags":[],"class_list":["post-183183","post","type-post","status-publish","format-standard","has-post-thumbnail","","category-haberler-yerel","category-olaylar-ve-gercekler","category-son-haberler","category-yerel"],"_links":{"self":[{"href":"https:\/\/archive.sana.sy\/tr\/index.php?rest_route=\/wp\/v2\/posts\/183183","targetHints":{"allow":["GET"]}}],"collection":[{"href":"https:\/\/archive.sana.sy\/tr\/index.php?rest_route=\/wp\/v2\/posts"}],"about":[{"href":"https:\/\/archive.sana.sy\/tr\/index.php?rest_route=\/wp\/v2\/types\/post"}],"author":[{"embeddable":true,"href":"https:\/\/archive.sana.sy\/tr\/index.php?rest_route=\/wp\/v2\/users\/1"}],"replies":[{"embeddable":true,"href":"https:\/\/archive.sana.sy\/tr\/index.php?rest_route=%2Fwp%2Fv2%2Fcomments&post=183183"}],"version-history":[{"count":0,"href":"https:\/\/archive.sana.sy\/tr\/index.php?rest_route=\/wp\/v2\/posts\/183183\/revisions"}],"wp:featuredmedia":[{"embeddable":true,"href":"https:\/\/archive.sana.sy\/tr\/index.php?rest_route=\/wp\/v2\/media\/183184"}],"wp:attachment":[{"href":"https:\/\/archive.sana.sy\/tr\/index.php?rest_route=%2Fwp%2Fv2%2Fmedia&parent=183183"}],"wp:term":[{"taxonomy":"category","embeddable":true,"href":"https:\/\/archive.sana.sy\/tr\/index.php?rest_route=%2Fwp%2Fv2%2Fcategories&post=183183"},{"taxonomy":"post_tag","embeddable":true,"href":"https:\/\/archive.sana.sy\/tr\/index.php?rest_route=%2Fwp%2Fv2%2Ftags&post=183183"}],"curies":[{"name":"wp","href":"https:\/\/api.w.org\/{rel}","templated":true}]}}