{"id":183188,"date":"2019-05-21T13:59:06","date_gmt":"2019-05-21T10:59:06","guid":{"rendered":"http:\/\/www.sana.sy\/tr\/?p=183188"},"modified":"2019-05-21T13:59:06","modified_gmt":"2019-05-21T10:59:06","slug":"guvenlik-birimleri-sam-ve-dera-kirsallarinda-radikal-teror-yuvalarinda-bir-kismi-turkiye-ve-abd-menseli-buyuk-miktarda-silah-ve-muhimmat-ele-gecirdi","status":"publish","type":"post","link":"https:\/\/archive.sana.sy\/tr\/?p=183188","title":{"rendered":"G\u00fcvenlik birimleri \u015eam ve Dera k\u0131rsallar\u0131nda radikal ter\u00f6r yuvalar\u0131nda bir k\u0131sm\u0131 T\u00fcrkiye ve ABD men\u015feli b\u00fcy\u00fck miktarda silah ve m\u00fchimmat ele ge\u00e7irdi"},"content":{"rendered":"<p>G\u00fcvenlik birimleri \u015eam ve Dera k\u0131rsallar\u0131nda radikal ter\u00f6r yuvalar\u0131nda bir k\u0131sm\u0131 T\u00fcrkiye ve ABD men\u015feli b\u00fcy\u00fck miktarda silah ve m\u00fchimmat ele ge\u00e7irdi<\/p>\n","protected":false},"excerpt":{"rendered":"<p>G\u00fcvenlik birimleri \u015eam ve Dera k\u0131rsallar\u0131nda radikal ter\u00f6r yuvalar\u0131nda bir k\u0131sm\u0131 T\u00fcrkiye ve ABD men\u015feli b\u00fcy\u00fck miktarda silah ve m\u00fchimmat ele ge\u00e7irdi<\/p>\n","protected":false},"author":1,"featured_media":0,"comment_status":"closed","ping_status":"closed","sticky":false,"template":"","format":"standard","meta":{"footnotes":""},"categories":[17991],"tags":[],"class_list":["post-183188","post","type-post","status-publish","format-standard","","category-son-dakika"],"_links":{"self":[{"href":"https:\/\/archive.sana.sy\/tr\/index.php?rest_route=\/wp\/v2\/posts\/183188","targetHints":{"allow":["GET"]}}],"collection":[{"href":"https:\/\/archive.sana.sy\/tr\/index.php?rest_route=\/wp\/v2\/posts"}],"about":[{"href":"https:\/\/archive.sana.sy\/tr\/index.php?rest_route=\/wp\/v2\/types\/post"}],"author":[{"embeddable":true,"href":"https:\/\/archive.sana.sy\/tr\/index.php?rest_route=\/wp\/v2\/users\/1"}],"replies":[{"embeddable":true,"href":"https:\/\/archive.sana.sy\/tr\/index.php?rest_route=%2Fwp%2Fv2%2Fcomments&post=183188"}],"version-history":[{"count":0,"href":"https:\/\/archive.sana.sy\/tr\/index.php?rest_route=\/wp\/v2\/posts\/183188\/revisions"}],"wp:attachment":[{"href":"https:\/\/archive.sana.sy\/tr\/index.php?rest_route=%2Fwp%2Fv2%2Fmedia&parent=183188"}],"wp:term":[{"taxonomy":"category","embeddable":true,"href":"https:\/\/archive.sana.sy\/tr\/index.php?rest_route=%2Fwp%2Fv2%2Fcategories&post=183188"},{"taxonomy":"post_tag","embeddable":true,"href":"https:\/\/archive.sana.sy\/tr\/index.php?rest_route=%2Fwp%2Fv2%2Ftags&post=183188"}],"curies":[{"name":"wp","href":"https:\/\/api.w.org\/{rel}","templated":true}]}}